{"id":301549,"date":"2025-08-07T00:15:11","date_gmt":"2025-08-07T00:15:11","guid":{"rendered":"https:\/\/www.europesays.com\/fr\/301549\/"},"modified":"2025-08-07T00:15:11","modified_gmt":"2025-08-07T00:15:11","slug":"lopposition-relance-le-debat-sur-le-bus-a-haut-niveau-de-service-bhns-et-defend-le-tramway-pour-2026","status":"publish","type":"post","link":"https:\/\/www.europesays.com\/fr\/301549\/","title":{"rendered":"l\u2019opposition relance le d\u00e9bat sur le bus \u00e0 haut niveau de service (BHNS) et d\u00e9fend le tramway pour 2026"},"content":{"rendered":"\n<p>Au mois d\u2019avril, le pr\u00e9fet du Var a d\u00e9cid\u00e9 l\u2019ouverture d\u2019une enqu\u00eate publique pr\u00e9alable \u00e0 la d\u00e9claration d\u2019utilit\u00e9 publique du projet et la cessibilit\u00e9 du foncier n\u00e9cessaire \u00e0 la r\u00e9alisation de l\u2019op\u00e9ration de projet m\u00e9tropolitain de Bus \u00e0 haut niveau de service (BHNS). Les conclusions mitig\u00e9es de la commission d\u2019enqu\u00eate m\u00eame si elle \u00e9met au final un avis positif, donnent du grain \u00e0 moudre au groupe d\u2019opposition Toulon en Commun.<\/p>\n<p>Ce dernier \u00e9voque en effet dans un communiqu\u00e9 \u00ab\u00a0un v\u00e9ritable camouflet pour le projet de BHNS port\u00e9 par la Municipalit\u00e9 actuelle\u00a0\u00bb. Des conclusions qui, s\u2019empresse de pr\u00e9ciser la gauche, \u00ab\u00a0rejoignent les constats dress\u00e9s par Toulon en Commun et ses \u00e9lus\u00a0\u00bb.<\/p>\n<p>Une aubaine dans la p\u00e9riode. Et de poursuivre\u00a0: \u00ab\u00a0Elles accr\u00e9ditent les propositions que nous soumettrons au suffrage des Toulonnais en mars\u00a02026.\u00a0\u00bb Avec en ligne de mire, le tramway. \u00c7a y est, la bagarre est repartie. Avec un argumentaire bien rod\u00e9 maintenant portant sur ses capacit\u00e9s \u00e0 r\u00e9pondre aux besoins d\u2019aujourd\u2019hui et demain des administr\u00e9s en leur permettant de se d\u00e9placer rapidement sans subir les ralentissements du trafic automobile, puisqu\u2019en site propre sur toute la ligne.<\/p>\n<p>\u00ab\u00a0Face \u00e0 ces insuffisances, une solution existe. C\u2019est celle que toutes les m\u00e9tropoles de dimension similaire \u00e0 Toulon ont mise en \u0153uvre depuis d\u00e9j\u00e0 des ann\u00e9es&#8230;\u00a0\u00bb, insiste l\u2019opposition de gauche.<\/p>\n<p>Et de conclure donc, sans surprise\u00a0: \u00ab\u00a0Il est encore temps de corriger le tir. En donnant une majorit\u00e9 de suffrages aux candidats de Toulon en Commun aux \u00e9lections municipales de 2026, les Toulonnaises et les Toulonnais offriront \u00e0 leur ville l\u2019opportunit\u00e9 de commencer \u00e0 rattraper le retard qu\u2019elle accumule en la mati\u00e8re. Et, ainsi, d\u2019\u00eatre \u00e0 la hauteur de son rang, enfin.\u00a0\u00bb<\/p>\n","protected":false},"excerpt":{"rendered":"Au mois d\u2019avril, le pr\u00e9fet du Var a d\u00e9cid\u00e9 l\u2019ouverture d\u2019une enqu\u00eate publique pr\u00e9alable \u00e0 la d\u00e9claration d\u2019utilit\u00e9&hellip;\n","protected":false},"author":2,"featured_media":301550,"comment_status":"","ping_status":"","sticky":false,"template":"","format":"standard","meta":{"footnotes":""},"categories":[9619],"tags":[1111,11,1777,674,1011,27,12,882,25,2310,4109],"class_list":{"0":"post-301549","1":"post","2":"type-post","3":"status-publish","4":"format-standard","5":"has-post-thumbnail","7":"category-toulon","8":"tag-actu","9":"tag-actualites","10":"tag-eu","11":"tag-europe","12":"tag-fr","13":"tag-france","14":"tag-news","15":"tag-provence-alpes-cote-dazur","16":"tag-republique-francaise","17":"tag-toulon","18":"tag-tramway"},"share_on_mastodon":{"url":"https:\/\/pubeurope.com\/@fr\/114984604413533322","error":""},"_links":{"self":[{"href":"https:\/\/www.europesays.com\/fr\/wp-json\/wp\/v2\/posts\/301549","targetHints":{"allow":["GET"]}}],"collection":[{"href":"https:\/\/www.europesays.com\/fr\/wp-json\/wp\/v2\/posts"}],"about":[{"href":"https:\/\/www.europesays.com\/fr\/wp-json\/wp\/v2\/types\/post"}],"author":[{"embeddable":true,"href":"https:\/\/www.europesays.com\/fr\/wp-json\/wp\/v2\/users\/2"}],"replies":[{"embeddable":true,"href":"https:\/\/www.europesays.com\/fr\/wp-json\/wp\/v2\/comments?post=301549"}],"version-history":[{"count":0,"href":"https:\/\/www.europesays.com\/fr\/wp-json\/wp\/v2\/posts\/301549\/revisions"}],"wp:featuredmedia":[{"embeddable":true,"href":"https:\/\/www.europesays.com\/fr\/wp-json\/wp\/v2\/media\/301550"}],"wp:attachment":[{"href":"https:\/\/www.europesays.com\/fr\/wp-json\/wp\/v2\/media?parent=301549"}],"wp:term":[{"taxonomy":"category","embeddable":true,"href":"https:\/\/www.europesays.com\/fr\/wp-json\/wp\/v2\/categories?post=301549"},{"taxonomy":"post_tag","embeddable":true,"href":"https:\/\/www.europesays.com\/fr\/wp-json\/wp\/v2\/tags?post=301549"}],"curies":[{"name":"wp","href":"https:\/\/api.w.org\/{rel}","templated":true}]}}