{"id":301559,"date":"2025-08-07T00:24:05","date_gmt":"2025-08-07T00:24:05","guid":{"rendered":"https:\/\/www.europesays.com\/fr\/301559\/"},"modified":"2025-08-07T00:24:05","modified_gmt":"2025-08-07T00:24:05","slug":"accord-rennes-trabzonspor-pour-kazeem-olaigbe","status":"publish","type":"post","link":"https:\/\/www.europesays.com\/fr\/301559\/","title":{"rendered":"Accord Rennes-Trabzonspor pour Kazeem Olaigbe"},"content":{"rendered":"<p>Le Stade Rennais est sur tous les fronts cet \u00e9t\u00e9. Entre le recrutement et le d\u00e9graissage, les pensionnaires du Roazhon Park ont du pain sur la planche. Ce mardi, ils ont d\u2019ailleurs boucl\u00e9 un d\u00e9part. <\/p>\n<p>            La suite apr\u00e8s cette publicit\u00e9<\/p>\n<p>Selon nos informations, un accord a \u00e9t\u00e9 trouv\u00e9 avec <a href=\"https:\/\/www.footmercato.net\/club\/trabzonspor-kulubu\/\" rel=\"nofollow noopener\" target=\"_blank\">Trabzonspor<\/a> pour <a href=\"https:\/\/www.footmercato.net\/joueur\/kazeem-olaigbe\/\" rel=\"nofollow noopener\" target=\"_blank\">Kazeem Olaigbe<\/a>. L\u2019ailier de 22 ans, sous contrat jusqu\u2019en 2029, est sur le point de s\u2019engager en Turquie. Il a d\u00e9j\u00e0 quitt\u00e9 <a href=\"https:\/\/www.footmercato.net\/club\/stade-rennais-fc\/\" rel=\"nofollow noopener\" target=\"_blank\">Rennes<\/a>. Une bonne nouvelle pour le SRFC, qui veut faire un grand m\u00e9nage. <\/p>\n<p>\n    Pub. le 05\/08\/2025 14:54<br \/>\n            &#8211; MAJ le 05\/08\/2025 14:55\n    <\/p>\n","protected":false},"excerpt":{"rendered":"Le Stade Rennais est sur tous les fronts cet \u00e9t\u00e9. Entre le recrutement et le d\u00e9graissage, les pensionnaires&hellip;\n","protected":false},"author":2,"featured_media":301560,"comment_status":"","ping_status":"","sticky":false,"template":"","format":"standard","meta":{"footnotes":""},"categories":[2821],"tags":[1111,11,829,1777,674,1011,27,12,584,25],"class_list":{"0":"post-301559","1":"post","2":"type-post","3":"status-publish","4":"format-standard","5":"has-post-thumbnail","7":"category-rennes","8":"tag-actu","9":"tag-actualites","10":"tag-bretagne","11":"tag-eu","12":"tag-europe","13":"tag-fr","14":"tag-france","15":"tag-news","16":"tag-rennes","17":"tag-republique-francaise"},"share_on_mastodon":{"url":"https:\/\/pubeurope.com\/@fr\/114984639696059464","error":""},"_links":{"self":[{"href":"https:\/\/www.europesays.com\/fr\/wp-json\/wp\/v2\/posts\/301559","targetHints":{"allow":["GET"]}}],"collection":[{"href":"https:\/\/www.europesays.com\/fr\/wp-json\/wp\/v2\/posts"}],"about":[{"href":"https:\/\/www.europesays.com\/fr\/wp-json\/wp\/v2\/types\/post"}],"author":[{"embeddable":true,"href":"https:\/\/www.europesays.com\/fr\/wp-json\/wp\/v2\/users\/2"}],"replies":[{"embeddable":true,"href":"https:\/\/www.europesays.com\/fr\/wp-json\/wp\/v2\/comments?post=301559"}],"version-history":[{"count":0,"href":"https:\/\/www.europesays.com\/fr\/wp-json\/wp\/v2\/posts\/301559\/revisions"}],"wp:featuredmedia":[{"embeddable":true,"href":"https:\/\/www.europesays.com\/fr\/wp-json\/wp\/v2\/media\/301560"}],"wp:attachment":[{"href":"https:\/\/www.europesays.com\/fr\/wp-json\/wp\/v2\/media?parent=301559"}],"wp:term":[{"taxonomy":"category","embeddable":true,"href":"https:\/\/www.europesays.com\/fr\/wp-json\/wp\/v2\/categories?post=301559"},{"taxonomy":"post_tag","embeddable":true,"href":"https:\/\/www.europesays.com\/fr\/wp-json\/wp\/v2\/tags?post=301559"}],"curies":[{"name":"wp","href":"https:\/\/api.w.org\/{rel}","templated":true}]}}