{"id":301567,"date":"2025-08-07T00:32:16","date_gmt":"2025-08-07T00:32:16","guid":{"rendered":"https:\/\/www.europesays.com\/fr\/301567\/"},"modified":"2025-08-07T00:32:16","modified_gmt":"2025-08-07T00:32:16","slug":"trois-hectares-brules-a-sainte-eulalie-500-m%c2%b2-a-lacanau-la-gironde-en-alerte-aux-departs-de-feu","status":"publish","type":"post","link":"https:\/\/www.europesays.com\/fr\/301567\/","title":{"rendered":"Trois hectares br\u00fbl\u00e9s \u00e0 Sainte-Eulalie, 500 m\u00b2 \u00e0 Lacanau\u2026 La Gironde en alerte aux d\u00e9parts de feu"},"content":{"rendered":"<p>            Par<br \/>\n        <strong><br \/>\n            <a href=\"https:\/\/actu.fr\/auteur\/juliette-cardinale\" title=\"Consulter tous les articles de Juliette Cardinale\" rel=\"nofollow noopener\" target=\"_blank\">Juliette Cardinale<\/a><br \/>\n        <\/strong><\/p>\n<p>        Publi\u00e9 le<\/p>\n<p>            6 ao\u00fbt 2025 \u00e0 15h36        <\/p>\n<p>Les sapeurs-pompiers de <a href=\"https:\/\/actu.fr\/nouvelle-aquitaine\/gironde_33\" rel=\"nofollow noopener\" target=\"_blank\">la Gironde<\/a> sont intervenus sur <strong>plusieurs d\u00e9parts de feu<\/strong> en ce d\u00e9but ao\u00fbt\u00a02025.\u00a0Mardi 5\u00a0ao\u00fbt, <strong>500\u00a0m\u00e8tres carr\u00e9s<\/strong> ont br\u00fbl\u00e9 dans une parcelle de pins vers le Moutchic \u00e0 <a href=\"https:\/\/actu.fr\/nouvelle-aquitaine\/lacanau_33214\" rel=\"nofollow noopener\" target=\"_blank\">Lacanau<\/a>. La veille, les soldats du feu \u00e9taient intervenus sur des <strong>feux de prairie<\/strong> \u00e0 Sainte-Eulalie o\u00f9 trois hectares avaient br\u00fbl\u00e9 et <a href=\"https:\/\/actu.fr\/nouvelle-aquitaine\/fargues-saint-hilaire_33165\/aux-portes-de-la-metropole-de-bordeaux-un-incendie-detruit-six-hectares-de-prairie_62997718.html\" rel=\"nofollow noopener\" target=\"_blank\">\u00e0 Fargues-Saint-Hilaire (avec six hectares ont \u00e9t\u00e9 d\u00e9truits).<\/a><\/p>\n<p class=\" wall-content\">S\u2019ils ont \u00e9t\u00e9 rapidement fix\u00e9s gr\u00e2ce \u00e0 l\u2019action des soldats du feu, ils font partie des \u00e9v\u00e8nements qui prouvent le risque incendie existant \u00e0 travers le d\u00e9partement. La Gironde est d\u2019ailleurs plac\u00e9e en <strong>vigilance jaune (risque mod\u00e9r\u00e9)<\/strong> par la M\u00e9t\u00e9o des for\u00eats.<\/p>\n<p class=\" wall-content\">Pour rappel, la moiti\u00e9 de la <strong>superficie du d\u00e9partement<\/strong> est <a href=\"https:\/\/observatoire-nafu.fr\/\" rel=\"nofollow noopener\" target=\"_blank\">recouverte de for\u00eat.<\/a> En plein \u00e9t\u00e9, les effets conjugu\u00e9s de <a href=\"https:\/\/actu.fr\/planete\/la-secheresse-se-poursuit-en-gironde-de-nouvelles-restrictions-pour-preserver-l-eau_62985385.html\" rel=\"nofollow noopener\" target=\"_blank\">la s\u00e9cheresse<\/a> et d\u2019une faible teneur en eau des v\u00e9g\u00e9taux s\u2019ajoutent \u00e0 une forte fr\u00e9quentation touristique des espaces.<\/p>\n<p>Comment \u00e9viter les d\u00e9parts de feu\u2009?<\/p>\n<p class=\" wall-content\"><strong>\u00ab\u2009Neuf feux sur dix sont d\u2019origine humaine<\/strong> et principalement le fait d\u2019une imprudence\u2009\u00bb, pr\u00e9cise la <a href=\"https:\/\/meteofrance.com\/actualites-et-dossiers\/actualites\/meteo-des-forets-informer-sensibiliser-le-public-au-danger-incendie\" rel=\"nofollow noopener\" target=\"_blank\">M\u00e9t\u00e9o des for\u00eats<\/a> avant de donner quelques conseils\u2009:<\/p>\n<ul class=\" wall-content\">\n<li>Un barbecue chez soi doit \u00eatre organis\u00e9 sur une terrasse et loin de la v\u00e9g\u00e9tation,<\/li>\n<li>toujours <strong>jeter ses m\u00e9gots<\/strong> dans un cendrier (il est d\u2019ailleurs interdit de les jeter sur la voie publique),<\/li>\n<li>r\u00e9aliser ses \u00ab\u2009travaux g\u00e9n\u00e9rant des \u00e9tincelles loin de la pelouse et des herbes s\u00e8ches\u2009\u00bb et pr\u00e9voir un extincteur \u00e0 porter de main,<\/li>\n<li>et stocker les mat\u00e9riaux et produits inflammables (bois, bouteilles de gaz) dans un abri ferm\u00e9, \u00e9loign\u00e9 des habitations.<\/li>\n<\/ul>\n<p class=\" wall-content\">Il est notamment <strong>interdit de br\u00fbler des d\u00e9chets verts <\/strong>\u00e0 l\u2019air libre, d\u2019utiliser des lanternes volantes ou des outils de d\u00e9broussaillement thermique (type chalumeau) sur tout le territoire. Par ailleurs, dans les espaces expos\u00e9s \u00e0 dominante foresti\u00e8re il est interdit d\u2019allumer un feu ou de fumer.<\/p>\n<p class=\" wall-content\">En cas de d\u00e9part de feu, il faut <strong>alerter au plus vite le 112, le 18 ou le 114<\/strong> (personnes malentendantes) et se mettre \u00e0 l\u2019abri dans une habitation d\u00e9broussaill\u00e9e.<\/p>\n<p class=\" wall-content\">Suivez toute l\u2019actualit\u00e9 de vos villes et m\u00e9dias favoris en vous inscrivant \u00e0 <a href=\"https:\/\/moncompte.actu.fr\" title=\"D\u00e9couvez Mon Actu\" rel=\"nofollow noopener\" data-trk=\"{&quot;cta&quot;:{&quot;action&quot;:&quot;https:\\\/\\\/moncompte.actu.fr&quot;,&quot;category&quot;:&quot;mon compte&quot;,&quot;from&quot;:&quot;article footer&quot;,&quot;name&quot;:&quot;Mon actu&quot;,&quot;type&quot;:&quot;cta&quot;}}\" target=\"_blank\">Mon Actu<\/a>.<\/p>\n","protected":false},"excerpt":{"rendered":"Par Juliette Cardinale Publi\u00e9 le 6 ao\u00fbt 2025 \u00e0 15h36 Les sapeurs-pompiers de la Gironde sont intervenus sur&hellip;\n","protected":false},"author":2,"featured_media":301568,"comment_status":"","ping_status":"","sticky":false,"template":"","format":"standard","meta":{"footnotes":""},"categories":[2817],"tags":[1111,11,1997,1777,674,118,1011,27,1310,12,2219,1311,25],"class_list":{"0":"post-301567","1":"post","2":"type-post","3":"status-publish","4":"format-standard","5":"has-post-thumbnail","7":"category-bordeaux","8":"tag-actu","9":"tag-actualites","10":"tag-bordeaux","11":"tag-eu","12":"tag-europe","13":"tag-faits-divers","14":"tag-fr","15":"tag-france","16":"tag-incendie","17":"tag-news","18":"tag-nouvelle-aquitaine","19":"tag-pompiers","20":"tag-republique-francaise"},"share_on_mastodon":{"url":"https:\/\/pubeurope.com\/@fr\/114984671946186020","error":""},"_links":{"self":[{"href":"https:\/\/www.europesays.com\/fr\/wp-json\/wp\/v2\/posts\/301567","targetHints":{"allow":["GET"]}}],"collection":[{"href":"https:\/\/www.europesays.com\/fr\/wp-json\/wp\/v2\/posts"}],"about":[{"href":"https:\/\/www.europesays.com\/fr\/wp-json\/wp\/v2\/types\/post"}],"author":[{"embeddable":true,"href":"https:\/\/www.europesays.com\/fr\/wp-json\/wp\/v2\/users\/2"}],"replies":[{"embeddable":true,"href":"https:\/\/www.europesays.com\/fr\/wp-json\/wp\/v2\/comments?post=301567"}],"version-history":[{"count":0,"href":"https:\/\/www.europesays.com\/fr\/wp-json\/wp\/v2\/posts\/301567\/revisions"}],"wp:featuredmedia":[{"embeddable":true,"href":"https:\/\/www.europesays.com\/fr\/wp-json\/wp\/v2\/media\/301568"}],"wp:attachment":[{"href":"https:\/\/www.europesays.com\/fr\/wp-json\/wp\/v2\/media?parent=301567"}],"wp:term":[{"taxonomy":"category","embeddable":true,"href":"https:\/\/www.europesays.com\/fr\/wp-json\/wp\/v2\/categories?post=301567"},{"taxonomy":"post_tag","embeddable":true,"href":"https:\/\/www.europesays.com\/fr\/wp-json\/wp\/v2\/tags?post=301567"}],"curies":[{"name":"wp","href":"https:\/\/api.w.org\/{rel}","templated":true}]}}