{"id":301580,"date":"2025-08-07T00:40:14","date_gmt":"2025-08-07T00:40:14","guid":{"rendered":"https:\/\/www.europesays.com\/fr\/301580\/"},"modified":"2025-08-07T00:40:14","modified_gmt":"2025-08-07T00:40:14","slug":"le-conseil-constitutionnel-rend-sa-decision-ce-jeudi","status":"publish","type":"post","link":"https:\/\/www.europesays.com\/fr\/301580\/","title":{"rendered":"le Conseil constitutionnel rend sa d\u00e9cision ce jeudi"},"content":{"rendered":"\n<p>Dans les tuyaux depuis 2022 mais seulement approuv\u00e9e en derni\u00e8re lecture par l\u2019Assembl\u00e9e nationale le 10\u00a0juillet dernier apr\u00e8s un come-back inattendu, la r\u00e9forme du scrutin des municipales \u00e0 Paris, Lyon et Marseille, dite loi PLM, s\u2019appr\u00eate, enfin, \u00e0 conna\u00eetre son \u00e9pilogue. Saisi par les d\u00e9put\u00e9s socialistes et \u00e9cologistes le 15\u00a0juillet, puis par les s\u00e9nateurs Les\u00a0R\u00e9publicains le 16\u00a0juillet et par la gauche s\u00e9natoriale le 18, le Conseil constitutionnel doit rendre son avis ce jeudi soir. En cas de feu vert, le texte s\u2019appliquera d\u00e8s les prochaines \u00e9lections de mars\u00a02026, avec deux scrutins le m\u00eame jour pour \u00e9lire d\u2019un c\u00f4t\u00e9 les conseillers d\u2019arrondissement, de l\u2019autre le conseil municipal.<\/p>\n<p>\u00ab\u00a0Il y a tr\u00e8s peu de chances de censure\u00a0\u00bb, estime le constitutionnaliste Benjamin Moral, interrog\u00e9 par La\u00a0Marseillaise. Les trois saisines \u00e9trillent pourtant ce syst\u00e8me des deux urnes. \u00ab\u00a0Ce d\u00e9doublement du scrutin est de nature \u00e0 semer la confusion dans la perception des \u00e9lecteurs, de telle sorte qu\u2019il porte atteinte au principe de sinc\u00e9rit\u00e9 et de loyaut\u00e9 du scrutin\u00a0\u00bb, pointe la gauche s\u00e9natoriale, d\u00e9plorant un vote moins d\u2019un an avant les \u00e9lections, en rupture avec la tradition r\u00e9publicaine. D\u2019autant plus que la r\u00e9forme introduit \u00ab\u00a0une diff\u00e9rence de traitement qui n\u2019est pas justifi\u00e9e\u00a0\u00bb, avec l\u2019attribution d\u2019un quart des si\u00e8ges \u00e0 la liste en t\u00eate, contre la moiti\u00e9 ailleurs.<\/p>\n<p>\u00ab\u00a0Il y a un r\u00e9gime diff\u00e9renci\u00e9 qui peut porter atteinte, in abstracto, au principe d\u2019\u00e9galit\u00e9, reconna\u00eet Benjamin Morel. Mais si cette loi est anticonstitutionnelle, alors celle d\u2019avant l\u2019\u00e9tait encore plus\u00a0!\u00a0\u00bb L\u2019argument d\u2019une entr\u00e9e en vigueur trop proche de la date du scrutin risque aussi d\u2019\u00eatre \u00e9cart\u00e9. \u00ab\u00a0Aucune disposition constitutionnelle ne l\u2019emp\u00eache, rappelle-t-il. Le Conseil constitutionnel avait d\u00e9j\u00e0 \u00e9t\u00e9 interrog\u00e9 pour les d\u00e9partementales de 2014, on voit mal pourquoi il changerait son fusil d\u2019\u00e9paule.\u00a0\u00bb<\/p>\n<p> Caillou dans la chaussure\n              <\/p>\n<p>Un point, cependant, pourrait faire mouche. \u00ab\u00a0Il y a un principe d\u2019irrecevabilit\u00e9 financi\u00e8re\u00a0: toute proposition de loi doit se faire \u00e0 co\u00fbt constant\u00a0\u00bb, explique Benjamin Morel. \u00ab\u00a0Or, il r\u00e9sulterait des dispositions de la loi litigieuse un accroissement des charges publiques li\u00e9es \u00e0 l\u2019organisation d\u2019un nouveau scrutin\u00a0: impression de bulletins suppl\u00e9mentaires, personnels suppl\u00e9mentaires le jour du vote, etc.\u00a0\u00bb, pointe la saisine des s\u00e9nateurs LR. Des d\u00e9penses que le gouvernement n\u2019a pas reprises \u00e0 son compte, s\u2019\u00e9tonne le constitutionnaliste. \u00ab\u00a0\u00c7a m\u2019appara\u00eet relever du domaine de l\u2019\u00e9tourderie, mais \u00e7a a de lourdes cons\u00e9quences\u00a0\u00bb, reconna\u00eet-il. Si ce point est retenu, c\u2019est le texte dans sa totalit\u00e9 qui pourrait tomber. \u00ab\u00a0Mais on peut trouver un cheminement pour le valider, s\u2019il est induit en termes de r\u00e9organisation de l\u2019administration\u00a0\u00bb, avance le constitutionnaliste. Les 27 pages d\u2019observations transmises ce lundi par le Gouvernement, que nos confr\u00e8res de La\u00a0Gazette des communes ont pu consulter, jugent de leur c\u00f4t\u00e9 que ces d\u00e9penses suppl\u00e9mentaires sont \u00ab\u00a0indirectes et incertaines\u00a0\u00bb. Si cela convainc les Sages, alors les \u00e9tats-majors politiques devront revoir leurs habituelles strat\u00e9gies \u00e9lectorales pour Marseille. De quoi animer la rentr\u00e9e politique.<\/p>\n","protected":false},"excerpt":{"rendered":"Dans les tuyaux depuis 2022 mais seulement approuv\u00e9e en derni\u00e8re lecture par l\u2019Assembl\u00e9e nationale le 10\u00a0juillet dernier apr\u00e8s&hellip;\n","protected":false},"author":2,"featured_media":301581,"comment_status":"","ping_status":"","sticky":false,"template":"","format":"standard","meta":{"footnotes":""},"categories":[2814],"tags":[1111,11,1777,674,1011,27,884,3434,12,882,25],"class_list":{"0":"post-301580","1":"post","2":"type-post","3":"status-publish","4":"format-standard","5":"has-post-thumbnail","7":"category-marseille","8":"tag-actu","9":"tag-actualites","10":"tag-eu","11":"tag-europe","12":"tag-fr","13":"tag-france","14":"tag-marseille","15":"tag-municipales-2026","16":"tag-news","17":"tag-provence-alpes-cote-dazur","18":"tag-republique-francaise"},"share_on_mastodon":{"url":"https:\/\/pubeurope.com\/@fr\/114984703029751040","error":""},"_links":{"self":[{"href":"https:\/\/www.europesays.com\/fr\/wp-json\/wp\/v2\/posts\/301580","targetHints":{"allow":["GET"]}}],"collection":[{"href":"https:\/\/www.europesays.com\/fr\/wp-json\/wp\/v2\/posts"}],"about":[{"href":"https:\/\/www.europesays.com\/fr\/wp-json\/wp\/v2\/types\/post"}],"author":[{"embeddable":true,"href":"https:\/\/www.europesays.com\/fr\/wp-json\/wp\/v2\/users\/2"}],"replies":[{"embeddable":true,"href":"https:\/\/www.europesays.com\/fr\/wp-json\/wp\/v2\/comments?post=301580"}],"version-history":[{"count":0,"href":"https:\/\/www.europesays.com\/fr\/wp-json\/wp\/v2\/posts\/301580\/revisions"}],"wp:featuredmedia":[{"embeddable":true,"href":"https:\/\/www.europesays.com\/fr\/wp-json\/wp\/v2\/media\/301581"}],"wp:attachment":[{"href":"https:\/\/www.europesays.com\/fr\/wp-json\/wp\/v2\/media?parent=301580"}],"wp:term":[{"taxonomy":"category","embeddable":true,"href":"https:\/\/www.europesays.com\/fr\/wp-json\/wp\/v2\/categories?post=301580"},{"taxonomy":"post_tag","embeddable":true,"href":"https:\/\/www.europesays.com\/fr\/wp-json\/wp\/v2\/tags?post=301580"}],"curies":[{"name":"wp","href":"https:\/\/api.w.org\/{rel}","templated":true}]}}