{"id":301584,"date":"2025-08-07T00:42:16","date_gmt":"2025-08-07T00:42:16","guid":{"rendered":"https:\/\/www.europesays.com\/fr\/301584\/"},"modified":"2025-08-07T00:42:16","modified_gmt":"2025-08-07T00:42:16","slug":"tentative-de-meurtre-ou-jambisation-un-homme-vise-par-une-agression-par-balle-a-lyon","status":"publish","type":"post","link":"https:\/\/www.europesays.com\/fr\/301584\/","title":{"rendered":"Tentative de meurtre ou \u00abjambisation\u00bb\u00a0? Un homme vis\u00e9 par une agression par balle \u00e0 Lyon"},"content":{"rendered":"<p>Un jeune homme de 21 ans a \u00e9t\u00e9 bless\u00e9 par balle et frapp\u00e9 \u00e0 coups de crosse \u00e0 la t\u00eate dans la nuit de lundi \u00e0 mardi dans le quartier de Gerland (7e arrondissement).<\/p>\n<p class=\"fig-paragraph\">Un homme \u00e2g\u00e9 de 21 ans a \u00e9t\u00e9\u00a0<a href=\"http:\/\/www.lefigaro.fr\/nantes\/nouveaux-coups-de-feu-a-nantes-un-homme-blesse-au-genou-probablement-victime-d-une-jambisation-20240917\" data-fig-type=\"NewsFlash\" data-gtm-custom-categorie=\"navigation\" data-gtm-custom-action=\"crossclick\" data-gtm-custom-label=\"Contextuel\" data-gtm-event=\"customEventSPE\" data-fig-domain=\"LEFIGARO\" target=\"_blank\" rel=\"noopener\">bless\u00e9 par balle \u00e0 la jambe<\/a>\u00a0dans la nuit de lundi \u00e0 mardi dans\u00a0<a href=\"http:\/\/www.lefigaro.fr\/lyon\/l-expulsion-des-prostituees-lyonnaises-de-gerland-attaquee-par-un-recours-en-justice-20230519\" data-fig-type=\"Article\" data-gtm-custom-categorie=\"navigation\" data-gtm-custom-action=\"crossclick\" data-gtm-custom-label=\"Contextuel\" data-gtm-event=\"customEventSPE\" data-fig-domain=\"LEFIGARO\" target=\"_blank\" rel=\"noopener\">le quartier de Gerland<\/a>\u00a0(7e arrondissement). Au sol, la victime a \u00e9t\u00e9 frapp\u00e9e \u00e0 coups de crosse au niveau de la t\u00eate. Selon une information du\u00a0<a href=\"https:\/\/c.leprogres.fr\/faits-divers-justice\/2025\/08\/05\/blessure-par-balle-et-coup-de-hache-une-violente-tentative-de-meurtre-a-gerland\" target=\"_blank\" rel=\"sponsored noopener\" data-gtm-custom-categorie=\"navigation\" data-gtm-custom-action=\"crossclick\" data-gtm-custom-label=\"Contextuel\" data-gtm-event=\"customEventSPE\">Progr\u00e8s<\/a>, confirm\u00e9e au Figaro par une source polici\u00e8re, le jeune homme a \u00e9t\u00e9 transport\u00e9 \u00e0 l\u2019h\u00f4pital sans que son pronostic vital ne soit engag\u00e9. Il a \u00e9t\u00e9 entendu par les forces de l\u2019ordre mais a refus\u00e9 de d\u00e9poser plainte a n\u2019a donn\u00e9 aucune information sur son agression, poursuit le quotidien r\u00e9gional.<\/p>\n<p class=\"fig-body-link\">\n            \u00c0 lire aussi<br \/>\n        <a class=\"fig-body-link__link\" href=\"http:\/\/www.lefigaro.fr\/lyon\/pres-de-lyon-apres-la-fusillade-mortelle-le-couvre-feu-prolonge-a-meyzieu-20250805\" data-fig-type=\"NewsFlash\" data-gtm-custom-categorie=\"navigation\" data-gtm-custom-action=\"crossclick\" data-gtm-custom-label=\"Contextuel\" data-gtm-event=\"customEventSPE\" data-fig-domain=\"LEFIGARO\" target=\"_blank\" rel=\"noopener\">Pr\u00e8s de Lyon\u00a0: apr\u00e8s la fusillade mortelle, le couvre-feu prolong\u00e9 \u00e0 Meyzieu<br \/>\n    <\/a>\n<\/p>\n<p class=\"fig-paragraph\">Deux hommes cagoul\u00e9s auraient \u00e9t\u00e9 aper\u00e7us au sein du\u00a0<a href=\"http:\/\/www.lefigaro.fr\/lyon\/une-guerre-de-gangs-a-vaulx-en-velin-les-habitants-desempares-face-a-la-violence-des-dealers-apres-une-fusillade-devant-une-ecole-20250408\" data-fig-type=\"NewsFlash\" data-gtm-custom-categorie=\"navigation\" data-gtm-custom-action=\"crossclick\" data-gtm-custom-label=\"Contextuel\" data-gtm-event=\"customEventSPE\" data-fig-domain=\"LEFIGARO\" target=\"_blank\" rel=\"noopener\">quartier de la Cit\u00e9-Jardin<\/a>\u00a0la nuit de l\u2019agression avant d\u2019\u00eatre mis en fuite par des riverains. Une enqu\u00eate pour rechercher \u00able ou les auteurs\u00bb a \u00e9t\u00e9 ouverte, nous indique la Direction interd\u00e9partementale de la police nationale du Rh\u00f4ne (DIPN69). Toujours selon nos confr\u00e8res, un voisin a contact\u00e9 les forces de l\u2019ordre apr\u00e8s avoir entendu un coup de feu, mais aucune douille, ni trace de sang n\u2019ont \u00e9t\u00e9 d\u00e9couvertes dans le quartier.<\/p>\n<p>                                    <a class=\"fig-a11y-skip a11y-hidden\" href=\"#fig-a11y-skip-main-inarticle\"><br \/>\n        Passer la publicit\u00e9<br \/>\n    <\/a><\/p>\n<p class=\"fig-paragraph\">Cette agression ressemble en tout point \u00e0 une menace dans le cadre de tensions li\u00e9es au trafic de drogue.\u00a0<a href=\"https:\/\/www.lefigaro.fr\/actualite-france\/2016\/03\/06\/01016-20160306ARTFIG00108-mutiler-plutot-que-de-tuer-la-nouvelle-methode-des-dealers-en-seine-saint-denis.php\" data-fig-type=\"Article\" data-gtm-custom-categorie=\"navigation\" data-gtm-custom-action=\"crossclick\" data-gtm-custom-label=\"Contextuel\" data-gtm-event=\"customEventSPE\" data-fig-domain=\"LEFIGARO\" target=\"_blank\" rel=\"noopener\">Une \u00abjambisation\u00bb, pratique utilis\u00e9e initialement par la mafia<\/a>, qui vise \u00e0 mutiler plut\u00f4t que tuer. Fin mai dernier, un homme, connu pour trafic de stup\u00e9fiants avait \u00e9t\u00e9 bless\u00e9 par balles \u00e0 la jambe et au thorax dans le m\u00eame quartier. En 2022,\u00a0<a href=\"http:\/\/www.lefigaro.fr\/flash-actu\/un-mort-et-un-blesse-grave-dans-une-fusillade-a-lyon-20220511\" data-fig-type=\"NewsFlash\" data-gtm-custom-categorie=\"navigation\" data-gtm-custom-action=\"crossclick\" data-gtm-custom-label=\"Contextuel\" data-gtm-event=\"customEventSPE\" data-fig-domain=\"LEFIGARO\" target=\"_blank\" rel=\"noopener\">un homme avait \u00e9t\u00e9 tu\u00e9 lors d\u2019une fusillade<\/a>\u00a0toujours \u00e0 Gerland.<\/p>\n","protected":false},"excerpt":{"rendered":"Un jeune homme de 21 ans a \u00e9t\u00e9 bless\u00e9 par balle et frapp\u00e9 \u00e0 coups de crosse \u00e0&hellip;\n","protected":false},"author":2,"featured_media":301585,"comment_status":"","ping_status":"","sticky":false,"template":"","format":"standard","meta":{"footnotes":""},"categories":[1889],"tags":[1111,11,1120,5141,2430,1777,674,1011,27,2428,12,25,887],"class_list":{"0":"post-301584","1":"post","2":"type-post","3":"status-publish","4":"format-standard","5":"has-post-thumbnail","7":"category-lyon","8":"tag-actu","9":"tag-actualites","10":"tag-agression","11":"tag-arme-a-feu","12":"tag-auvergne-rhone-alpes","13":"tag-eu","14":"tag-europe","15":"tag-fr","16":"tag-france","17":"tag-lyon","18":"tag-news","19":"tag-republique-francaise","20":"tag-trafic-de-drogue"},"share_on_mastodon":{"url":"https:\/\/pubeurope.com\/@fr\/114984710470474715","error":""},"_links":{"self":[{"href":"https:\/\/www.europesays.com\/fr\/wp-json\/wp\/v2\/posts\/301584","targetHints":{"allow":["GET"]}}],"collection":[{"href":"https:\/\/www.europesays.com\/fr\/wp-json\/wp\/v2\/posts"}],"about":[{"href":"https:\/\/www.europesays.com\/fr\/wp-json\/wp\/v2\/types\/post"}],"author":[{"embeddable":true,"href":"https:\/\/www.europesays.com\/fr\/wp-json\/wp\/v2\/users\/2"}],"replies":[{"embeddable":true,"href":"https:\/\/www.europesays.com\/fr\/wp-json\/wp\/v2\/comments?post=301584"}],"version-history":[{"count":0,"href":"https:\/\/www.europesays.com\/fr\/wp-json\/wp\/v2\/posts\/301584\/revisions"}],"wp:featuredmedia":[{"embeddable":true,"href":"https:\/\/www.europesays.com\/fr\/wp-json\/wp\/v2\/media\/301585"}],"wp:attachment":[{"href":"https:\/\/www.europesays.com\/fr\/wp-json\/wp\/v2\/media?parent=301584"}],"wp:term":[{"taxonomy":"category","embeddable":true,"href":"https:\/\/www.europesays.com\/fr\/wp-json\/wp\/v2\/categories?post=301584"},{"taxonomy":"post_tag","embeddable":true,"href":"https:\/\/www.europesays.com\/fr\/wp-json\/wp\/v2\/tags?post=301584"}],"curies":[{"name":"wp","href":"https:\/\/api.w.org\/{rel}","templated":true}]}}