{"id":301588,"date":"2025-08-07T00:46:12","date_gmt":"2025-08-07T00:46:12","guid":{"rendered":"https:\/\/www.europesays.com\/fr\/301588\/"},"modified":"2025-08-07T00:46:12","modified_gmt":"2025-08-07T00:46:12","slug":"dans-la-short-list-de-liverpool-barcola-peut-il-quitter-paris-cet-ete","status":"publish","type":"post","link":"https:\/\/www.europesays.com\/fr\/301588\/","title":{"rendered":"dans la short list de Liverpool, Barcola peut-il quitter Paris cet \u00e9t\u00e9 ?"},"content":{"rendered":"<p class=\"mb-4 text-lg md:leading-8 break-words\">Arriv\u00e9 \u00e0 Paris \u00e0 la toute fin du mercato 2023 contre 45 millions (et cinq de bonus), Bradley Barcola a fait ses d\u00e9buts au PSG sur la pointe des pieds. Il a ensuite explos\u00e9 au sein du club parisien <a href=\"https:\/\/fr.news.yahoo.com\/euro-2024-banc-psg-%C3%A0-190658820.html\" data-ylk=\"slk:jusqu&#039;\u00e0 arriver en \u00e9quipe de France;elm:context_link;itc:0;sec:content-canvas;outcm:mb_qualified_link;_E:mb_qualified_link;ct:story;\" class=\"link  yahoo-link\" target=\"_blank\" rel=\"noopener\">jusqu&rsquo;\u00e0 arriver en \u00e9quipe de France<\/a>.<\/p>\n<p class=\"mb-4 text-lg md:leading-8 break-words\">Pour mettre un terme \u00e0 son aventure parisienne, il faudrait donc que plusieurs conditions soient remplies. D&rsquo;abord, que Barcola indique qu&rsquo;il souhaite partir. Luis Enrique insiste sur le fait d&rsquo;avoir des joueurs compl\u00e8tement impliqu\u00e9s dans son projet.<\/p>\n<p>Minimum 100 millions d&rsquo;euros<\/p>\n<p class=\"mb-4 text-lg md:leading-8 break-words\">Et ensuite, que le prix fix\u00e9 par le Paris Saint-Germain soit atteint par les pr\u00e9tendants. \u00c0 partir de 100 millions, soit le double de ce qu&rsquo;a co\u00fbt\u00e9 Barcola, le club parisien pourrait commencer \u00e0 discuter. Aujourd\u2019hui, aucune de ces deux conditions n\u2019est r\u00e9unie et il faudra regarder avec attention le positionnement de Bradley Barcola comme celui du PSG.<\/p>\n<p class=\"mb-4 text-lg md:leading-8 break-words\">La barre des 100 millions d\u2019euros ne para\u00eet pas inatteignable pour Liverpool. Le club de la Mersey a d\u00e9j\u00e0 l\u00e2ch\u00e9 <a href=\"https:\/\/fr.news.yahoo.com\/sport\/liverpool-%C3%A7a-na-dimportance-wirtz-135601530.html\" data-ylk=\"slk:130 millions pour Florian Wirtz;elm:context_link;itc:0;sec:content-canvas;outcm:mb_qualified_link;_E:mb_qualified_link;ct:story;\" class=\"link  yahoo-link\" target=\"_blank\" rel=\"noopener\">130 millions pour Florian Wirtz<\/a> et <a href=\"https:\/\/fr.news.yahoo.com\/sport\/mercato-signant-%C3%A0-liverpool-hugo-174427778.html\" data-ylk=\"slk:95 pour Hugo Ekitike;elm:context_link;itc:0;sec:content-canvas;outcm:mb_qualified_link;_E:mb_qualified_link;ct:story;\" class=\"link  yahoo-link\" target=\"_blank\" rel=\"noopener\">95 pour Hugo Ekitike<\/a>, mais les ressources financi\u00e8res du champion d&rsquo;Angleterre semblent sans fin. D\u2019autant plus que les Reds ne sont pas s\u00fbrs de pouvoir attirer <a href=\"https:\/\/fr.news.yahoo.com\/sport\/mercato-tension-monte-%C3%A0-newcastle-090105782.html\" data-ylk=\"slk:Alexander Isak;elm:context_link;itc:0;sec:content-canvas;outcm:mb_qualified_link;_E:mb_qualified_link;ct:story;\" class=\"link  yahoo-link\" target=\"_blank\" rel=\"noopener\">Alexander Isak<\/a> que Newcastle veut garder co\u00fbte que co\u00fbte.<\/p>\n<p class=\"mb-4 text-lg md:leading-8 break-words\"><a href=\"https:\/\/rmcsport.bfmtv.com\/football\/transferts\/mercato-dans-la-short-list-de-liverpool-barcola-peut-il-quitter-paris-cet-ete_AV-202508060446.html#xtor=AL-68\" rel=\"nofollow noopener\" target=\"_blank\" data-ylk=\"slk:Article original publi\u00e9 sur RMC Sport;elm:context_link;itc:0;sec:content-canvas\" class=\"link \">Article original publi\u00e9 sur RMC Sport<\/a><\/p>\n","protected":false},"excerpt":{"rendered":"Arriv\u00e9 \u00e0 Paris \u00e0 la toute fin du mercato 2023 contre 45 millions (et cinq de bonus), Bradley&hellip;\n","protected":false},"author":2,"featured_media":301589,"comment_status":"","ping_status":"","sticky":false,"template":"","format":"standard","meta":{"footnotes":""},"categories":[1888],"tags":[1111,1928,11,1927,9152,9707,1777,674,44153,1011,27,40440,6563,3490,12,1926,626,1925,93,25],"class_list":{"0":"post-301588","1":"post","2":"type-post","3":"status-publish","4":"format-standard","5":"has-post-thumbnail","7":"category-paris","8":"tag-actu","9":"tag-actu-paris","10":"tag-actualites","11":"tag-actualites-paris","12":"tag-alexander-isak","13":"tag-bradley-barcola","14":"tag-eu","15":"tag-europe","16":"tag-florian-wirtz","17":"tag-fr","18":"tag-france","19":"tag-hugo-ekitike","20":"tag-le-club","21":"tag-liverpool","22":"tag-news","23":"tag-news-paris","24":"tag-paris","25":"tag-paris-news","26":"tag-psg","27":"tag-republique-francaise"},"share_on_mastodon":{"url":"https:\/\/pubeurope.com\/@fr\/114984726301650238","error":""},"_links":{"self":[{"href":"https:\/\/www.europesays.com\/fr\/wp-json\/wp\/v2\/posts\/301588","targetHints":{"allow":["GET"]}}],"collection":[{"href":"https:\/\/www.europesays.com\/fr\/wp-json\/wp\/v2\/posts"}],"about":[{"href":"https:\/\/www.europesays.com\/fr\/wp-json\/wp\/v2\/types\/post"}],"author":[{"embeddable":true,"href":"https:\/\/www.europesays.com\/fr\/wp-json\/wp\/v2\/users\/2"}],"replies":[{"embeddable":true,"href":"https:\/\/www.europesays.com\/fr\/wp-json\/wp\/v2\/comments?post=301588"}],"version-history":[{"count":0,"href":"https:\/\/www.europesays.com\/fr\/wp-json\/wp\/v2\/posts\/301588\/revisions"}],"wp:featuredmedia":[{"embeddable":true,"href":"https:\/\/www.europesays.com\/fr\/wp-json\/wp\/v2\/media\/301589"}],"wp:attachment":[{"href":"https:\/\/www.europesays.com\/fr\/wp-json\/wp\/v2\/media?parent=301588"}],"wp:term":[{"taxonomy":"category","embeddable":true,"href":"https:\/\/www.europesays.com\/fr\/wp-json\/wp\/v2\/categories?post=301588"},{"taxonomy":"post_tag","embeddable":true,"href":"https:\/\/www.europesays.com\/fr\/wp-json\/wp\/v2\/tags?post=301588"}],"curies":[{"name":"wp","href":"https:\/\/api.w.org\/{rel}","templated":true}]}}