{"id":301592,"date":"2025-08-07T00:48:12","date_gmt":"2025-08-07T00:48:12","guid":{"rendered":"https:\/\/www.europesays.com\/fr\/301592\/"},"modified":"2025-08-07T00:48:12","modified_gmt":"2025-08-07T00:48:12","slug":"dati-et-barnier-feront-face-a-lex-ministre-frederique-bredin-candidate-du-ps","status":"publish","type":"post","link":"https:\/\/www.europesays.com\/fr\/301592\/","title":{"rendered":"Dati et Barnier feront face \u00e0 l\u2019ex-ministre Fr\u00e9d\u00e9rique Bredin, candidate du PS"},"content":{"rendered":"<p>L\u2019ancienne ministre socialiste Fr\u00e9d\u00e9rique Bredin, 68 ans, sera la candidate du <a href=\"https:\/\/www.20minutes.fr\/politique\/ps\/\" target=\"_blank\" class=\"color-ultramarine c-link\" rel=\"nofollow noopener\">Parti socialiste (PS)<\/a> lors de l\u2019\u00e9lection l\u00e9gislative partielle dans la 2e circonscription de Paris, un scrutin qui s\u2019annonce comme un affrontement de poids lourds face \u00e0 <a href=\"https:\/\/www.20minutes.fr\/dossier\/michel_barnier\" target=\"_blank\" class=\"color-ultramarine c-link\" rel=\"nofollow noopener\">Michel Barnier<\/a> (LR) et <a href=\"https:\/\/www.20minutes.fr\/politique\/rachida_dati\" target=\"_blank\" class=\"color-ultramarine c-link\" rel=\"nofollow noopener\">Rachida Dati<\/a> (Renaissance).<\/p>\n<p>R\u00e9uni mercredi soir, le conseil f\u00e9d\u00e9ral parisien du PS a propos\u00e9 \u00e0 l\u2019unanimit\u00e9 son nom au Bureau national, qui devrait officialiser cette candidature dans les prochaines semaines. \u00ab\u00a0Fr\u00e9d\u00e9rique Bredin est une femme solide et exp\u00e9riment\u00e9e, la meilleure des <a href=\"https:\/\/www.20minutes.fr\/dossier\/candidature\" target=\"_blank\" class=\"color-ultramarine c-link\" rel=\"nofollow noopener\">candidatures<\/a> pour repr\u00e9senter la <a href=\"https:\/\/www.20minutes.fr\/dossier\/gauche\" target=\"_blank\" class=\"color-ultramarine c-link\" rel=\"nofollow noopener\">gauche<\/a>\u00a0\u00bb, a d\u00e9clar\u00e9 Emma Rafowicz, responsable des \u00e9lections \u00e0 la f\u00e9d\u00e9ration, accusant ses adversaires de droite d\u2019offrir \u00ab\u00a0une bataille des ego\u00a0\u00bb.<\/p>\n<\/p>\n<p>Ministre sous Mitterrand et pr\u00e9sident du CNC<\/p>\n<p>Ministre des Sports de\u00a01991 \u00e0\u00a01993 dans les gouvernements d\u2019Edith Cresson puis de Pierre B\u00e9r\u00e9govoy, l\u2019ancienne proche de <a href=\"https:\/\/www.20minutes.fr\/dossier\/laurent_fabius\" target=\"_blank\" class=\"color-ultramarine c-link\" rel=\"nofollow noopener\">Laurent Fabius<\/a> avait quitt\u00e9 la vie politique en\u00a02000 pour rejoindre le groupe Lagard\u00e8re M\u00e9dias. Revenue au PS depuis quelques ann\u00e9es, elle avait soutenu Emmanuel Gr\u00e9goire lors de la <a href=\"https:\/\/www.20minutes.fr\/politique\/primaire_socialiste\/\" target=\"_blank\" class=\"color-ultramarine c-link\" rel=\"nofollow noopener\">primaire socialiste<\/a> pour les municipales de\u00a02026. Pr\u00e9sidente du Centre national du Cin\u00e9ma (CNC) entre\u00a02013 et\u00a02019, elle s\u2019\u00e9tait oppos\u00e9e \u00e0 la r\u00e9forme du financement du <a href=\"https:\/\/www.20minutes.fr\/magazine\/cote-coulisses-mag\/\" target=\"_blank\" class=\"color-ultramarine c-link\" rel=\"nofollow noopener\">cin\u00e9ma<\/a> voulue par <a href=\"https:\/\/www.20minutes.fr\/politique\/emmanuel-macron\/\" target=\"_blank\" class=\"color-ultramarine c-link\" rel=\"nofollow noopener\">Emmanuel Macron<\/a>.<\/p>\n<p><a href=\"https:\/\/www.20minutes.fr\/politique\/\" target=\"_blank\" class=\"c-link c-btn c-btn--primary\" rel=\"nofollow noopener\">Notre dossier Politique<\/a><\/p>\n<p>Issue de l\u2019ENA et de l\u2019Inspection g\u00e9n\u00e9rale des Finances, fille de l\u2019acad\u00e9micien et avocat Jean-Denis Bredin, elle avait commenc\u00e9 sa carri\u00e8re politique au cabinet de Jack Lang avant d\u2019int\u00e9grer l\u2019Elys\u00e9e en\u00a01986, charg\u00e9e des dossiers culturels. Elue d\u00e9put\u00e9e de Seine-Maritime \u00e0 trois reprises, elle a aussi \u00e9t\u00e9 maire de F\u00e9camp (1989-1995) et bri\u00e8vement d\u00e9put\u00e9e europ\u00e9enne. Marine Rosset, ex-pr\u00e9sidente des Scouts et Guides de France, devrait \u00eatre sa suppl\u00e9ante.<\/p>\n","protected":false},"excerpt":{"rendered":"L\u2019ancienne ministre socialiste Fr\u00e9d\u00e9rique Bredin, 68 ans, sera la candidate du Parti socialiste (PS) lors de l\u2019\u00e9lection l\u00e9gislative&hellip;\n","protected":false},"author":2,"featured_media":301593,"comment_status":"","ping_status":"","sticky":false,"template":"","format":"standard","meta":{"footnotes":""},"categories":[1888],"tags":[47,11,416,1777,674,1011,27,2383,662,27636,3784,12,626,4484,316,44155,417,25],"class_list":{"0":"post-301592","1":"post","2":"type-post","3":"status-publish","4":"format-standard","5":"has-post-thumbnail","7":"category-paris","8":"tag-actualite","9":"tag-actualites","10":"tag-assemblee-nationale","11":"tag-eu","12":"tag-europe","13":"tag-fr","14":"tag-france","15":"tag-gauche","16":"tag-ile-de-france","17":"tag-michel-barnier","18":"tag-ministre","19":"tag-news","20":"tag-paris","21":"tag-parti-socialiste-ps","22":"tag-politique","23":"tag-primaire-socialiste","24":"tag-rachida-dati","25":"tag-republique-francaise"},"share_on_mastodon":{"url":"https:\/\/pubeurope.com\/@fr\/114984734527884969","error":""},"_links":{"self":[{"href":"https:\/\/www.europesays.com\/fr\/wp-json\/wp\/v2\/posts\/301592","targetHints":{"allow":["GET"]}}],"collection":[{"href":"https:\/\/www.europesays.com\/fr\/wp-json\/wp\/v2\/posts"}],"about":[{"href":"https:\/\/www.europesays.com\/fr\/wp-json\/wp\/v2\/types\/post"}],"author":[{"embeddable":true,"href":"https:\/\/www.europesays.com\/fr\/wp-json\/wp\/v2\/users\/2"}],"replies":[{"embeddable":true,"href":"https:\/\/www.europesays.com\/fr\/wp-json\/wp\/v2\/comments?post=301592"}],"version-history":[{"count":0,"href":"https:\/\/www.europesays.com\/fr\/wp-json\/wp\/v2\/posts\/301592\/revisions"}],"wp:featuredmedia":[{"embeddable":true,"href":"https:\/\/www.europesays.com\/fr\/wp-json\/wp\/v2\/media\/301593"}],"wp:attachment":[{"href":"https:\/\/www.europesays.com\/fr\/wp-json\/wp\/v2\/media?parent=301592"}],"wp:term":[{"taxonomy":"category","embeddable":true,"href":"https:\/\/www.europesays.com\/fr\/wp-json\/wp\/v2\/categories?post=301592"},{"taxonomy":"post_tag","embeddable":true,"href":"https:\/\/www.europesays.com\/fr\/wp-json\/wp\/v2\/tags?post=301592"}],"curies":[{"name":"wp","href":"https:\/\/api.w.org\/{rel}","templated":true}]}}