{"id":301594,"date":"2025-08-07T00:49:10","date_gmt":"2025-08-07T00:49:10","guid":{"rendered":"https:\/\/www.europesays.com\/fr\/301594\/"},"modified":"2025-08-07T00:49:10","modified_gmt":"2025-08-07T00:49:10","slug":"un-soldat-accuse-davoir-tente-de-transmettre-a-la-russie-des-informations-sur-un-char","status":"publish","type":"post","link":"https:\/\/www.europesays.com\/fr\/301594\/","title":{"rendered":"Un soldat accus\u00e9 d\u2019avoir tent\u00e9 de transmettre \u00e0 la Russie des informations sur un char"},"content":{"rendered":"<p>Aux <a href=\"https:\/\/www.20minutes.fr\/monde\/etats-unis\/\" target=\"_blank\" class=\"color-ultramarine c-link\" rel=\"noopener\">Etats-Unis<\/a>, le minist\u00e8re de la Justice am\u00e9ricain a annonc\u00e9, mercredi, l\u2019arrestation de Taylor Adam Lee, jeune <a href=\"https:\/\/www.20minutes.fr\/monde\/soldat\/\" target=\"_blank\" class=\"color-ultramarine c-link\" rel=\"noopener\">soldat<\/a> de 22 ans originaire d\u2019El Paso, ville frontali\u00e8re entre le <a href=\"https:\/\/www.20minutes.fr\/monde\/texas\/\" target=\"_blank\" class=\"color-ultramarine c-link\" rel=\"noopener\">Texas<\/a> et le <a href=\"https:\/\/www.20minutes.fr\/dossier\/mexique\" target=\"_blank\" class=\"color-ultramarine c-link\" rel=\"noopener\">Mexique<\/a>. Selon les autorit\u00e9s judiciaires, il aurait tent\u00e9 de transmettre \u00e0 un individu pr\u00e9sent\u00e9 comme un agent du renseignement <a href=\"https:\/\/www.20minutes.fr\/dossier\/russe\" target=\"_blank\" class=\"color-ultramarine c-link\" rel=\"noopener\">russe<\/a> des donn\u00e9es sensibles concernant les vuln\u00e9rabilit\u00e9s du char M1A2 Abrams, en \u00e9change de la <a href=\"https:\/\/www.20minutes.fr\/dossier\/citoyennete\" target=\"_blank\" class=\"color-ultramarine c-link\" rel=\"noopener\">citoyennet\u00e9<\/a> russe.<\/p>\n<p>Affect\u00e9 \u00e0 la base <a href=\"https:\/\/www.20minutes.fr\/dossier\/militaire\" target=\"_blank\" class=\"color-ultramarine c-link\" rel=\"noopener\">militaire<\/a> de Fort Bliss, au Texas, Taylor Adam Lee aurait rencontr\u00e9, en juillet dernier, une personne qu\u2019il croyait \u00eatre un repr\u00e9sentant du minist\u00e8re russe de la D\u00e9fense. Lors de ce rendez-vous, il lui aurait remis une carte m\u00e9moire contenant des documents confidentiels, a pr\u00e9cis\u00e9 le minist\u00e8re de la Justice. Les enqu\u00eateurs n\u2019ont pas d\u00e9taill\u00e9 le contenu exact des fichiers, mais ils affirment qu\u2019il s\u2019agissait de caract\u00e9ristiques techniques strat\u00e9giques.<\/p>\n<\/p>\n<p>Un message clair pour les tra\u00eetres<\/p>\n<p>\u00ab\u00a0L\u2019arrestation d\u2019aujourd\u2019hui est un message pour quiconque envisagerait de trahir les Etats-Unis, en particulier les fonctionnaires qui ont fait le serment de prot\u00e9ger notre patrie\u00a0\u00bb, a d\u00e9clar\u00e9 Roman Rozhavsky, directeur adjoint du service de <a href=\"https:\/\/www.20minutes.fr\/dossier\/espionnage\" target=\"_blank\" class=\"color-ultramarine c-link\" rel=\"noopener\">contre-espionnage<\/a> du <a href=\"https:\/\/www.20minutes.fr\/dossier\/fbi\" target=\"_blank\" class=\"color-ultramarine c-link\" rel=\"noopener\">FBI<\/a>. Si les charges sont confirm\u00e9es, Taylor Adam Lee pourrait \u00eatre poursuivi pour tentative de transmission d\u2019informations classifi\u00e9es \u00e0 une puissance \u00e9trang\u00e8re, un crime passible de lourdes peines de prison.<\/p>\n<p><a href=\"https:\/\/www.20minutes.fr\/dossier\/armee_americaine\" target=\"_blank\" class=\"c-link c-btn c-btn--primary\" rel=\"noopener\">Notre dossier sur l&rsquo;arm\u00e9e am\u00e9ricaine<\/a><\/p>\n<p>Cette affaire rappelle celle d\u2019un ancien \u00ab\u00a0B\u00e9ret vert\u00a0\u00bb des forces sp\u00e9ciales, condamn\u00e9 en\u00a02021 \u00e0 plus de 15 ans de prison pour avoir transmis des secrets militaires \u00e0 <a href=\"https:\/\/www.20minutes.fr\/monde\/moscou\/\" target=\"_blank\" class=\"color-ultramarine c-link\" rel=\"noopener\">Moscou<\/a> apr\u00e8s avoir \u00e9t\u00e9 approch\u00e9 d\u00e8s les ann\u00e9es\u00a01990.<\/p>\n","protected":false},"excerpt":{"rendered":"Aux Etats-Unis, le minist\u00e8re de la Justice am\u00e9ricain a annonc\u00e9, mercredi, l\u2019arrestation de Taylor Adam Lee, jeune soldat&hellip;\n","protected":false},"author":2,"featured_media":301595,"comment_status":"","ping_status":"","sticky":false,"template":"","format":"standard","meta":{"footnotes":""},"categories":[1591],"tags":[47,11,17274,4777,73,18120,1887,3579,74,1916,12,1885,1886,132,2049],"class_list":{"0":"post-301594","1":"post","2":"type-post","3":"status-publish","4":"format-standard","5":"has-post-thumbnail","7":"category-russie","8":"tag-actualite","9":"tag-actualites","10":"tag-armee-americaine","11":"tag-espionnage","12":"tag-etats-unis","13":"tag-fbi","14":"tag-federation-de-russie","15":"tag-militaire","16":"tag-monde","17":"tag-moscou","18":"tag-news","19":"tag-russia","20":"tag-russian-federation","21":"tag-russie","22":"tag-soldat"},"share_on_mastodon":{"url":"https:\/\/pubeurope.com\/@fr\/114984738077682897","error":""},"_links":{"self":[{"href":"https:\/\/www.europesays.com\/fr\/wp-json\/wp\/v2\/posts\/301594","targetHints":{"allow":["GET"]}}],"collection":[{"href":"https:\/\/www.europesays.com\/fr\/wp-json\/wp\/v2\/posts"}],"about":[{"href":"https:\/\/www.europesays.com\/fr\/wp-json\/wp\/v2\/types\/post"}],"author":[{"embeddable":true,"href":"https:\/\/www.europesays.com\/fr\/wp-json\/wp\/v2\/users\/2"}],"replies":[{"embeddable":true,"href":"https:\/\/www.europesays.com\/fr\/wp-json\/wp\/v2\/comments?post=301594"}],"version-history":[{"count":0,"href":"https:\/\/www.europesays.com\/fr\/wp-json\/wp\/v2\/posts\/301594\/revisions"}],"wp:featuredmedia":[{"embeddable":true,"href":"https:\/\/www.europesays.com\/fr\/wp-json\/wp\/v2\/media\/301595"}],"wp:attachment":[{"href":"https:\/\/www.europesays.com\/fr\/wp-json\/wp\/v2\/media?parent=301594"}],"wp:term":[{"taxonomy":"category","embeddable":true,"href":"https:\/\/www.europesays.com\/fr\/wp-json\/wp\/v2\/categories?post=301594"},{"taxonomy":"post_tag","embeddable":true,"href":"https:\/\/www.europesays.com\/fr\/wp-json\/wp\/v2\/tags?post=301594"}],"curies":[{"name":"wp","href":"https:\/\/api.w.org\/{rel}","templated":true}]}}