{"id":301598,"date":"2025-08-07T00:51:11","date_gmt":"2025-08-07T00:51:11","guid":{"rendered":"https:\/\/www.europesays.com\/fr\/301598\/"},"modified":"2025-08-07T00:51:11","modified_gmt":"2025-08-07T00:51:11","slug":"les-nouveaux-droits-de-douane-americains-un-coup-dur-pour-lafrique-du-sud","status":"publish","type":"post","link":"https:\/\/www.europesays.com\/fr\/301598\/","title":{"rendered":"Les nouveaux droits de douane am\u00e9ricains, un coup dur pour l\u2019Afrique du Sud"},"content":{"rendered":"<p>                         <img loading=\"lazy\" decoding=\"async\" src=\"https:\/\/www.europesays.com\/fr\/wp-content\/uploads\/2025\/08\/9cd12fc_upload-1-h1g74n2ctg7g-000-36ya7xc.jpg\" alt=\"Le pr\u00e9sident sud-africain, Cyril Ramaphosa (au centre), et le ministre des relations internationales, Ronald Lamola (\u00e0 gauche), \u00e0 Johannesburg, le 20\u00a0f\u00e9vrier 2025.\"   width=\"664\" height=\"443\"\/>    Le pr\u00e9sident sud-africain, Cyril Ramaphosa (au centre), et le ministre des relations internationales, Ronald Lamola (\u00e0 gauche), \u00e0 Johannesburg, le 20\u00a0f\u00e9vrier 2025.  EMMANUEL CROSET \/ AFP                 <\/p>\n<p class=\"article__paragraph  \">\u00ab\u00a0Tout ce que nous pouvons faire, c\u2019est formuler une offre, attendre et esp\u00e9rer.\u00a0\u00bb C\u2019est un aveu d\u2019impuissance d\u2019une candeur inhabituelle qu\u2019a livr\u00e9 le ministre sud-africain du commerce, Parks Tau, au cours d\u2019une conf\u00e9rence de presse lundi 4\u00a0ao\u00fbt. Alors que l\u2019Afrique du Sud se verra imposer des droits de douane de 30\u00a0% par l\u2019administration am\u00e9ricaine \u00e0 partir de jeudi, les autorit\u00e9s de la premi\u00e8re \u00e9conomie d\u2019Afrique assurent \u00ab\u00a0garder tous les canaux de communication ouverts\u00a0\u00bb avec la Maison Blanche. Mais celle-ci, gu\u00e8re press\u00e9e, a laiss\u00e9 passer la date butoir des n\u00e9gociations sans donner de r\u00e9ponse \u00e0 la proposition commerciale de Pretoria.<\/p>\n<p>   Lire plus tard  <\/p>\n<p class=\"article__paragraph  \">Malmen\u00e9e depuis des mois par Donald Trump, l\u2019Afrique du Sud s\u2019est \u00ab\u00a0abstenue de r\u00e9pondre, m\u00eame face aux provocations les plus extr\u00eames\u00a0\u00bb, a soulign\u00e9 son ministre des relations internationales, Ronald Lamola, lundi. Les enjeux\u00a0sont trop grands\u00a0: \u00ab\u00a0Des emplois, des moyens de subsistance, l\u2019\u00e9conomie\u00a0\u00bb, a-t-il r\u00e9sum\u00e9. D\u2019apr\u00e8s le gouvernement, jusqu\u2019\u00e0 30\u00a0000\u00a0emplois pourraient \u00eatre menac\u00e9s par les droits de douane am\u00e9ricains dans des secteurs comme l\u2019industrie automobile, <a href=\"https:\/\/www.lemonde.fr\/afrique\/article\/2025\/08\/01\/afrique-du-sud-les-fermiers-blancs-si-chers-a-donald-trump-premieres-victimes-de-ses-taxes-douanieres_6626038_3212.html\" rel=\"nofollow noopener\" target=\"_blank\">l\u2019agriculture<\/a> ou le textile, jusque-l\u00e0 exempt\u00e9s de taxes vers les Etats-Unis gr\u00e2ce \u00e0 l\u2019African Growth Opportunity Act (AGOA).<\/p>\n<p class=\"reading-mode-only \"><strong>Il vous reste 80.86% de cet article \u00e0 lire. La suite est r\u00e9serv\u00e9e aux abonn\u00e9s.<\/strong><\/p>\n","protected":false},"excerpt":{"rendered":"Le pr\u00e9sident sud-africain, Cyril Ramaphosa (au centre), et le ministre des relations internationales, Ronald Lamola (\u00e0 gauche), \u00e0&hellip;\n","protected":false},"author":2,"featured_media":301599,"comment_status":"","ping_status":"","sticky":false,"template":"","format":"standard","meta":{"footnotes":""},"categories":[1589],"tags":[11,73,1866,12,1864,1865,1863,308],"class_list":{"0":"post-301598","1":"post","2":"type-post","3":"status-publish","4":"format-standard","5":"has-post-thumbnail","7":"category-etats-unis","8":"tag-actualites","9":"tag-etats-unis","10":"tag-etats-unis-damerique","11":"tag-news","12":"tag-united-states","13":"tag-united-states-of-america","14":"tag-us","15":"tag-usa"},"share_on_mastodon":{"url":"https:\/\/pubeurope.com\/@fr\/114984745925208152","error":""},"_links":{"self":[{"href":"https:\/\/www.europesays.com\/fr\/wp-json\/wp\/v2\/posts\/301598","targetHints":{"allow":["GET"]}}],"collection":[{"href":"https:\/\/www.europesays.com\/fr\/wp-json\/wp\/v2\/posts"}],"about":[{"href":"https:\/\/www.europesays.com\/fr\/wp-json\/wp\/v2\/types\/post"}],"author":[{"embeddable":true,"href":"https:\/\/www.europesays.com\/fr\/wp-json\/wp\/v2\/users\/2"}],"replies":[{"embeddable":true,"href":"https:\/\/www.europesays.com\/fr\/wp-json\/wp\/v2\/comments?post=301598"}],"version-history":[{"count":0,"href":"https:\/\/www.europesays.com\/fr\/wp-json\/wp\/v2\/posts\/301598\/revisions"}],"wp:featuredmedia":[{"embeddable":true,"href":"https:\/\/www.europesays.com\/fr\/wp-json\/wp\/v2\/media\/301599"}],"wp:attachment":[{"href":"https:\/\/www.europesays.com\/fr\/wp-json\/wp\/v2\/media?parent=301598"}],"wp:term":[{"taxonomy":"category","embeddable":true,"href":"https:\/\/www.europesays.com\/fr\/wp-json\/wp\/v2\/categories?post=301598"},{"taxonomy":"post_tag","embeddable":true,"href":"https:\/\/www.europesays.com\/fr\/wp-json\/wp\/v2\/tags?post=301598"}],"curies":[{"name":"wp","href":"https:\/\/api.w.org\/{rel}","templated":true}]}}