{"id":301609,"date":"2025-08-07T00:57:11","date_gmt":"2025-08-07T00:57:11","guid":{"rendered":"https:\/\/www.europesays.com\/fr\/301609\/"},"modified":"2025-08-07T00:57:11","modified_gmt":"2025-08-07T00:57:11","slug":"liverpool-cible-un-attaquant-du-psg-angleterre-liverpool","status":"publish","type":"post","link":"https:\/\/www.europesays.com\/fr\/301609\/","title":{"rendered":"Liverpool cible un attaquant du PSG &#8211; Angleterre &#8211; Liverpool"},"content":{"rendered":"<p>Une recrue tresse emballante ?<\/p>\n<p><strong>Liverpool suit de pr\u00e8s Bradley Barcola<\/strong>. <a target=\"_blank\" href=\"https:\/\/www.lequipe.fr\/Football\/Actualites\/Liverpool-cible-le-parisien-bradley-barcola-et-n-en-a-pas-fini-avec-son-mercato-de-folie\/1583512\" rel=\"nofollow noopener\">L\u2019\u00c9quipe<\/a> informe que l\u2019attaquant du PSG est une des cibles du fr\u00e9n\u00e9tique mercato des Reds. Si l\u2019international fran\u00e7ais est dans la short list des Anglais depuis plusieurs saisons, Paris n\u2019est pas vendeur et Barcola n\u2019est pas partant, indique le canard sportif. \u00c0 l\u2019\u00e9t\u00e9 2023, le PSG avait achet\u00e9 l\u2019international fran\u00e7ais \u00e0 l\u2019OL en \u00e9change de 50 millions d\u2019euros. Son contrat expire en juin 2028.<\/p>\n<p>Alexander Isak comme priorit\u00e9<\/p>\n<p>Rodrygo serait aussi cibl\u00e9 par les Reds, comme Alexander Isak, cible prioritaire des champions d\u2019Angleterre, qui auraient formul\u00e9 une offre d\u2019au moins 120 millions d\u2019euros \u00e0 Newcastle pour l\u2019attirer. Liverpool a d\u00e9j\u00e0 recrut\u00e9 en attaque <a target=\"_blank\" href=\"https:\/\/www.sofoot.com\/breves\/liverpool-florian-wirtz-evoque-le-prix-de-son-transfert\" rel=\"nofollow noopener\">Florian Wirtz contre 125 millions<\/a>, Hugo Ekitike contre 95, Milos Kerkez et Jeremie Fripong.<\/p>\n<p>Le mercato du PSG va-t-il s\u2019animer ?<\/p>\n<p>\t\t\t\t\t\t\t\t\t\t<a class=\"lien-connexe\" href=\"https:\/\/www.sofoot.com\/breves\/qui-sont-les-29-premiers-clubs-qualifies-pour-la-ligue-des-champions\" rel=\"nofollow noopener\" target=\"_blank\">Qui sont les 29 premiers qualifi\u00e9s pour la prochaine Ligue des champions\u202f?<\/a>\t\t\t\t\t<\/p>\n","protected":false},"excerpt":{"rendered":"Une recrue tresse emballante ? Liverpool suit de pr\u00e8s Bradley Barcola. L\u2019\u00c9quipe informe que l\u2019attaquant du PSG est&hellip;\n","protected":false},"author":2,"featured_media":301610,"comment_status":"","ping_status":"","sticky":false,"template":"","format":"standard","meta":{"footnotes":""},"categories":[2],"tags":[47,11,61,69,65,64,63,1011,27,68,66,12,62,70,25,67],"class_list":{"0":"post-301609","1":"post","2":"type-post","3":"status-publish","4":"format-standard","5":"has-post-thumbnail","7":"category-actualites","8":"tag-actualite","9":"tag-actualites","10":"tag-actus-football","11":"tag-bundesliga","12":"tag-championnats-europeens","13":"tag-equipe-de-france","14":"tag-football","15":"tag-fr","16":"tag-france","17":"tag-ligua","18":"tag-ligue-1","19":"tag-news","20":"tag-news-foot","21":"tag-premier-league","22":"tag-republique-francaise","23":"tag-serie-a"},"share_on_mastodon":{"url":"https:\/\/pubeurope.com\/@fr\/114984769615543569","error":""},"_links":{"self":[{"href":"https:\/\/www.europesays.com\/fr\/wp-json\/wp\/v2\/posts\/301609","targetHints":{"allow":["GET"]}}],"collection":[{"href":"https:\/\/www.europesays.com\/fr\/wp-json\/wp\/v2\/posts"}],"about":[{"href":"https:\/\/www.europesays.com\/fr\/wp-json\/wp\/v2\/types\/post"}],"author":[{"embeddable":true,"href":"https:\/\/www.europesays.com\/fr\/wp-json\/wp\/v2\/users\/2"}],"replies":[{"embeddable":true,"href":"https:\/\/www.europesays.com\/fr\/wp-json\/wp\/v2\/comments?post=301609"}],"version-history":[{"count":0,"href":"https:\/\/www.europesays.com\/fr\/wp-json\/wp\/v2\/posts\/301609\/revisions"}],"wp:featuredmedia":[{"embeddable":true,"href":"https:\/\/www.europesays.com\/fr\/wp-json\/wp\/v2\/media\/301610"}],"wp:attachment":[{"href":"https:\/\/www.europesays.com\/fr\/wp-json\/wp\/v2\/media?parent=301609"}],"wp:term":[{"taxonomy":"category","embeddable":true,"href":"https:\/\/www.europesays.com\/fr\/wp-json\/wp\/v2\/categories?post=301609"},{"taxonomy":"post_tag","embeddable":true,"href":"https:\/\/www.europesays.com\/fr\/wp-json\/wp\/v2\/tags?post=301609"}],"curies":[{"name":"wp","href":"https:\/\/api.w.org\/{rel}","templated":true}]}}