{"id":301611,"date":"2025-08-07T00:58:10","date_gmt":"2025-08-07T00:58:10","guid":{"rendered":"https:\/\/www.europesays.com\/fr\/301611\/"},"modified":"2025-08-07T00:58:10","modified_gmt":"2025-08-07T00:58:10","slug":"macron-reprend-la-main-et-demande-une-grande-fermete-2","status":"publish","type":"post","link":"https:\/\/www.europesays.com\/fr\/301611\/","title":{"rendered":"Macron reprend la main et demande \u00ab une grande fermet\u00e9 \u00bb"},"content":{"rendered":"<p class=\"mb-4 text-lg md:leading-8 break-words\"><a class=\"link \" href=\"https:\/\/www.lepoint.fr\/monde\/france-algerie-et-maintenant-la-guerre-des-valises-diplomatiques-29-07-2025-2595420_24.php\" rel=\"nofollow noopener\" target=\"_blank\" data-ylk=\"slk:La crise;elm:context_link;itc:0;sec:content-canvas\">La crise<\/a> passe au niveau sup\u00e9rieur. Dans une lettre adress\u00e9e \u00e0 Fran\u00e7ois Bayrou et <a class=\"link \" href=\"https:\/\/www.lefigaro.fr\/politique\/emmanuel-macron-au-figaro-nous-n-avons-pas-d-autre-choix-que-d-adopter-une-approche-de-plus-grande-fermete-avec-l-algerie-20250806\" rel=\"nofollow noopener\" target=\"_blank\" data-ylk=\"slk:publi\u00e9e ce mercredi 6\u00a0ao\u00fbt par Le Figaro;elm:context_link;itc:0;sec:content-canvas\">publi\u00e9e ce mercredi 6\u00a0ao\u00fbt par Le Figaro<\/a>, Emmanuel Macron demande au Premier ministre que la France agisse \u00ab\u00a0avec plus de fermet\u00e9 et de d\u00e9termination\u00a0\u00bb face \u00e0 l&rsquo;Alg\u00e9rie, dans un contexte <a class=\"link \" href=\"https:\/\/www.lepoint.fr\/monde\/entre-macron-et-tebboune-une-relation-mouvementee-03-04-2025-2586411_24.php\" rel=\"nofollow noopener\" target=\"_blank\" data-ylk=\"slk:de relations d\u00e9grad\u00e9es entre les deux pays;elm:context_link;itc:0;sec:content-canvas\">de relations d\u00e9grad\u00e9es entre les deux pays<\/a>.<\/p>\n<p class=\"mb-4 text-lg md:leading-8 break-words\">\u00ab\u00a0La France doit \u00eatre forte et se faire respecter. Elle ne peut l&rsquo;obtenir de ses partenaires que si elle-m\u00eame leur t\u00e9moigne le respect qu&rsquo;elle exige d&rsquo;eux. Cette r\u00e8gle de base vaut pour l&rsquo;Alg\u00e9rie aussi\u00a0\u00bb, \u00e9crit le chef de l&rsquo;\u00c9tat. \u00ab\u00a0Compte tenu des difficult\u00e9s croissantes que nous rencontrons en mati\u00e8re migratoire et s\u00e9curitaire avec l&rsquo;Alg\u00e9rie, je souhaite que vous puissiez prendre des d\u00e9cisions suppl\u00e9mentaires\u00a0\u00bb, poursuit Emmanuel Macron, quatre mois apr\u00e8s <a class=\"link \" href=\"https:\/\/www.lepoint.fr\/monde\/entre-macron-et-tebboune-une-relation-mouvementee-03-04-2025-2586411_24.php\" rel=\"nofollow noopener\" target=\"_blank\" data-ylk=\"slk:son dernier \u00e9change direct;elm:context_link;itc:0;sec:content-canvas\">son dernier \u00e9change direct<\/a> avec son homologue\u00a0Abdelmadjid\u00a0Tebboune.<\/p>\n<p>Suspension de l&rsquo;accord de 2013<\/p>\n<p class=\"mb-4 text-lg md:leading-8 break-words\">Parmi les mesures pr\u00e9conis\u00e9es, le pr\u00e9sident de la R\u00e9publique demande au ministre des Affaires \u00e9trang\u00e8res Jean-No\u00ebl Barrot de notifier aux autorit\u00e9s alg\u00e9riennes la suspension formelle de <a class=\"link \" href=\"https:\/\/www.lepoint.fr\/politique\/tensions-avec-l-algerie-quel-est-cet-accord-que-darmanin-souhaite-supprimer-13-01-2025-2579815_20.php\" rel=\"nofollow noopener\" target=\"_blank\" data-ylk=\"slk:l&#039;accord de 2013;elm:context_link;itc:0;sec:content-canvas\">l&rsquo;accord de 2013<\/a> concernant les exemptions de visa sur les passeports officiels et diplomatiques. \u00ab\u00a0J&rsquo;ai bien not\u00e9 que de premi\u00e8res mesures ont \u00e9t\u00e9 prises \u00e0 l&rsquo;\u00e9gard des hauts responsables alg\u00e9riens qui pourraient vouloir se rendre dans notre pays. Il nous faut toutefois acter \u00e0 pr\u00e9sent la suspension officielle de l&rsquo;accord de 2013\u00a0\u00bb, insiste le chef de l&rsquo;\u00c9tat.<\/p>\n<p class=\"mb-4 text-lg md:leading-8 break-words\">\u00c0 LIRE AUSSI <strong class=\"strong\"><a href=\"https:\/\/www.lepoint.fr\/monde\/france-algerie-et-maintenant-la-guerre-des-valises-diplomatiques-29-07-2025-2595420_24.php\" rel=\"nofollow noopener\" target=\"_blank\" data-ylk=\"slk:France-Alg\u00e9rie\u00a0: et maintenant la guerre des valis [...];elm:context_link;itc:0;sec:content-canvas\" class=\"link \">France-Alg\u00e9rie\u00a0: et maintenant la guerre des valis [&#8230;] <\/a><a href=\"https:\/\/www.lepoint.fr\/politique\/france-algerie-macron-reprend-la-main-et-demande-une-grande-fermete-06-08-2025-2595893_20.php\" rel=\"nofollow noopener\" target=\"_blank\" data-ylk=\"slk:Lire la suite;elm:context_link;itc:0;sec:content-canvas\" class=\"link \">Lire la suite<\/a><\/strong><\/p>\n","protected":false},"excerpt":{"rendered":"La crise passe au niveau sup\u00e9rieur. Dans une lettre adress\u00e9e \u00e0 Fran\u00e7ois Bayrou et publi\u00e9e ce mercredi 6\u00a0ao\u00fbt&hellip;\n","protected":false},"author":2,"featured_media":301612,"comment_status":"","ping_status":"","sticky":false,"template":"","format":"standard","meta":{"footnotes":""},"categories":[4],"tags":[11,44156,1073,1011,27,9932,12,3363,10253,25],"class_list":{"0":"post-301611","1":"post","2":"type-post","3":"status-publish","4":"format-standard","5":"has-post-thumbnail","7":"category-france","8":"tag-actualites","9":"tag-compte-tenu","10":"tag-emmanuel-macron","11":"tag-fr","12":"tag-france","13":"tag-ministre-des-affaires-etrangeres","14":"tag-news","15":"tag-premier-ministre","16":"tag-president-de-la-republique","17":"tag-republique-francaise"},"share_on_mastodon":{"url":"https:\/\/pubeurope.com\/@fr\/114984773449064225","error":""},"_links":{"self":[{"href":"https:\/\/www.europesays.com\/fr\/wp-json\/wp\/v2\/posts\/301611","targetHints":{"allow":["GET"]}}],"collection":[{"href":"https:\/\/www.europesays.com\/fr\/wp-json\/wp\/v2\/posts"}],"about":[{"href":"https:\/\/www.europesays.com\/fr\/wp-json\/wp\/v2\/types\/post"}],"author":[{"embeddable":true,"href":"https:\/\/www.europesays.com\/fr\/wp-json\/wp\/v2\/users\/2"}],"replies":[{"embeddable":true,"href":"https:\/\/www.europesays.com\/fr\/wp-json\/wp\/v2\/comments?post=301611"}],"version-history":[{"count":0,"href":"https:\/\/www.europesays.com\/fr\/wp-json\/wp\/v2\/posts\/301611\/revisions"}],"wp:featuredmedia":[{"embeddable":true,"href":"https:\/\/www.europesays.com\/fr\/wp-json\/wp\/v2\/media\/301612"}],"wp:attachment":[{"href":"https:\/\/www.europesays.com\/fr\/wp-json\/wp\/v2\/media?parent=301611"}],"wp:term":[{"taxonomy":"category","embeddable":true,"href":"https:\/\/www.europesays.com\/fr\/wp-json\/wp\/v2\/categories?post=301611"},{"taxonomy":"post_tag","embeddable":true,"href":"https:\/\/www.europesays.com\/fr\/wp-json\/wp\/v2\/tags?post=301611"}],"curies":[{"name":"wp","href":"https:\/\/api.w.org\/{rel}","templated":true}]}}