{"id":301617,"date":"2025-08-07T01:01:13","date_gmt":"2025-08-07T01:01:13","guid":{"rendered":"https:\/\/www.europesays.com\/fr\/301617\/"},"modified":"2025-08-07T01:01:13","modified_gmt":"2025-08-07T01:01:13","slug":"tout-juste-arrive-dans-son-nouveau-club-cet-ancien-toulousain-se-blesse-gravement","status":"publish","type":"post","link":"https:\/\/www.europesays.com\/fr\/301617\/","title":{"rendered":"Tout juste arriv\u00e9 dans son nouveau club, cet ancien Toulousain se blesse gravement !"},"content":{"rendered":"<p>\u00c0 peine arriv\u00e9, d\u00e9j\u00e0 \u00e9loign\u00e9 des terrains.<\/p>\n<p>Le jeune pilier Paul Dauguet, recrut\u00e9 cet \u00e9t\u00e9 par Aurillac en provenance de Toulouse, s\u2019est gravement bless\u00e9 lors du premier match amical face \u00e0 Narbonne. Une longue indisponibilit\u00e9 qui force le club cantalien \u00e0 revoir ses plans au poste de pilier droit r\u00e9v\u00e8le <a href=\"https:\/\/www.rugbyrama.fr\/2025\/08\/06\/pro-d2-mauvaise-nouvelle-pour-aurillac-lancien-toulousain-paul-dauguet-gravement-touche-au-genou-12862898.php\" rel=\"nofollow noopener\" target=\"_blank\">Midi Olympique.<\/a><\/p>\n<p>La tuile est intervenue d\u00e8s la reprise. Align\u00e9 vendredi dernier lors de la large victoire contre Narbonne (57-12), Paul Dauguet a \u00e9t\u00e9 contraint de sortir sur blessure, victime d\u2019un s\u00e9rieux coup d\u2019arr\u00eat dans sa progression.<\/p>\n<p>\u00c0 seulement 21 ans, l\u2019ancien espoir toulousain \u00e9tait venu \u00e0 Aurillac pour enfin lancer sa carri\u00e8re professionnelle. Il devra patienter.<\/p>\n<p>Le pilier droit, qui s\u2019\u00e9tait engag\u00e9 pour quatre saisons, sera \u00e9loign\u00e9 des terrains pour au moins six mois. Une absence qui complique s\u00e9rieusement les plans de l\u2019encadrement aurillacois, d\u00e9j\u00e0 en qu\u00eate de stabilit\u00e9 apr\u00e8s une saison 2024-2025 difficile conclue par un barrage pour le maintien.<\/p>\n<p>Une ascension frein\u00e9e<\/p>\n<p>Form\u00e9 \u00e0 Albi, pass\u00e9 par Montpellier avant de rejoindre le Stade Toulousain, Paul Dauguet n\u2019a jamais \u00e9t\u00e9 utilis\u00e9 en \u00e9quipe premi\u00e8re par Ugo Mola. Mais le jeune pilier avait brill\u00e9 avec les espoirs, d\u00e9crochant le titre en 2024, et semblait pr\u00eat \u00e0 s\u2019imposer en Pro D2.<\/p>\n<p>Ses 117 kg pour 1,86 m faisaient de lui une option s\u00e9rieuse pour le poste de num\u00e9ro 3, poste-cl\u00e9 dans un championnat aussi exigeant.<\/p>\n<p>Son explosion attendue sous les couleurs du Stade Aurillacois est d\u00e9sormais report\u00e9e, au grand regret du staff.<\/p>\n<p>Aurillac r\u00e9agit sur le march\u00e9<\/p>\n<p>Face \u00e0 cette blessure majeure, le club cantalien a imm\u00e9diatement activ\u00e9 ses r\u00e9seaux pour recruter un rempla\u00e7ant. Un nouveau pilier droit est en passe d\u2019\u00eatre officialis\u00e9, tandis qu\u2019un ouvreur serait aussi cibl\u00e9, apr\u00e8s le d\u00e9part surprise d\u2019Ugo Seunes au Racing 92.<\/p>\n<p>Ces ajustements de derni\u00e8re minute sont loin d\u2019\u00eatre id\u00e9aux, \u00e0 quelques semaines seulement du d\u00e9but du championnat. Aurillac lancera sa saison le 29 ao\u00fbt \u00e0 domicile face \u00e0 Carcassonne, avant un d\u00e9placement p\u00e9rilleux \u00e0 Grenoble lors de la deuxi\u00e8me journ\u00e9e.<\/p>\n","protected":false},"excerpt":{"rendered":"\u00c0 peine arriv\u00e9, d\u00e9j\u00e0 \u00e9loign\u00e9 des terrains. Le jeune pilier Paul Dauguet, recrut\u00e9 cet \u00e9t\u00e9 par Aurillac en&hellip;\n","protected":false},"author":2,"featured_media":301618,"comment_status":"","ping_status":"","sticky":false,"template":"","format":"standard","meta":{"footnotes":""},"categories":[1416],"tags":[1011,27,479,1468,60],"class_list":{"0":"post-301617","1":"post","2":"type-post","3":"status-publish","4":"format-standard","5":"has-post-thumbnail","7":"category-rugby","8":"tag-fr","9":"tag-france","10":"tag-rugby","11":"tag-rugby-football","12":"tag-sports"},"share_on_mastodon":{"url":"https:\/\/pubeurope.com\/@fr\/114984785336765001","error":""},"_links":{"self":[{"href":"https:\/\/www.europesays.com\/fr\/wp-json\/wp\/v2\/posts\/301617","targetHints":{"allow":["GET"]}}],"collection":[{"href":"https:\/\/www.europesays.com\/fr\/wp-json\/wp\/v2\/posts"}],"about":[{"href":"https:\/\/www.europesays.com\/fr\/wp-json\/wp\/v2\/types\/post"}],"author":[{"embeddable":true,"href":"https:\/\/www.europesays.com\/fr\/wp-json\/wp\/v2\/users\/2"}],"replies":[{"embeddable":true,"href":"https:\/\/www.europesays.com\/fr\/wp-json\/wp\/v2\/comments?post=301617"}],"version-history":[{"count":0,"href":"https:\/\/www.europesays.com\/fr\/wp-json\/wp\/v2\/posts\/301617\/revisions"}],"wp:featuredmedia":[{"embeddable":true,"href":"https:\/\/www.europesays.com\/fr\/wp-json\/wp\/v2\/media\/301618"}],"wp:attachment":[{"href":"https:\/\/www.europesays.com\/fr\/wp-json\/wp\/v2\/media?parent=301617"}],"wp:term":[{"taxonomy":"category","embeddable":true,"href":"https:\/\/www.europesays.com\/fr\/wp-json\/wp\/v2\/categories?post=301617"},{"taxonomy":"post_tag","embeddable":true,"href":"https:\/\/www.europesays.com\/fr\/wp-json\/wp\/v2\/tags?post=301617"}],"curies":[{"name":"wp","href":"https:\/\/api.w.org\/{rel}","templated":true}]}}