{"id":301621,"date":"2025-08-07T01:04:25","date_gmt":"2025-08-07T01:04:25","guid":{"rendered":"https:\/\/www.europesays.com\/fr\/301621\/"},"modified":"2025-08-07T01:04:25","modified_gmt":"2025-08-07T01:04:25","slug":"sur-quelle-chaine-et-a-quelle-heure-voir-le-grand-prix","status":"publish","type":"post","link":"https:\/\/www.europesays.com\/fr\/301621\/","title":{"rendered":"Sur quelle cha\u00eene et \u00e0 quelle heure voir le Grand Prix\u00a0?"},"content":{"rendered":"<p>La bataille s\u2019annonce rude ce week-end \u00e0 Austin (Texas). Victorieux des deux premiers MotoGP, Marc Marquez arrive avec les faveurs des pronostics. Leader du championnat, avec 16 points d\u2019avance sur son fr\u00e8re Alex, l\u2019Espagnol s\u2019est impos\u00e9 en <a href=\"https:\/\/www.20minutes.fr\/monde\/thailande\/\" class=\"color-ultramarine c-link\" target=\"_blank\" rel=\"noopener\">Tha\u00eflande<\/a> et en <a href=\"https:\/\/www.20minutes.fr\/dossier\/argentine\" class=\"color-ultramarine c-link\" target=\"_blank\" rel=\"noopener\">Argentine<\/a>, et il vise la passe de trois.<\/p>\n<p>Les Fran\u00e7ais Johann Zarco (Honda) &#8211; 25 (-49) et Fabio Quartararo (Yamaha) &#8211; 6 (-68) sont respectivement 5e et 15e.<\/p>\n<p>\u00c0 quelle heure et sur quelle cha\u00eene voir le GP des Am\u00e9riques 2025 samedi et dimanche<\/p>\n<p>Les courses du MotoGP seront diffus\u00e9es sur Canal +\u00a0Sport 360, les samedi\u00a029 et dimanche 30\u00a0mars.<\/p>\n<p class=\"mb-xxl@xs color-ultramarine font-weight-semi-bold@xs font-source-serif-pro heading-s@xs\">L\u2019acc\u00e8s \u00e0 ce contenu a \u00e9t\u00e9 bloqu\u00e9 afin de respecter votre choix de consentement<\/p>\n<p class=\"mb-m@xs text-l@xs\">En cliquant sur\u00ab J\u2019accepte \u00bb, vous acceptez le d\u00e9p\u00f4t de cookies par des services externes et aurez ainsi acc\u00e8s aux contenus de nos partenaires.<\/p>\n<p class=\"mb-xl@xs text-s@xs\">Plus d\u2019informations sur la page<a href=\"https:\/\/www.20minutes.fr\/gestion-cookies\" class=\"mx-xxs@xs color-ultramarine\" target=\"_blank\" rel=\"noopener\">Politique de gestion des cookies<\/a><\/p>\n<p>J\u2019accepteSamedi 29\u00a0mars<\/p>\n<ul>\n<li>Essais Libres 2\u00a0: 16h10 &#8211; 16h40<\/li>\n<li>Qualifications\u00a0: 16h50 &#8211; 17h30<\/li>\n<li>Course sprint\u00a0: 21h00<\/li>\n<\/ul>\n<p>Dimanche 30\u00a0mars\t<\/p>\n<ul>\n<li>Warm-up\t16h40 &#8211; 16h50<\/li>\n<li>Course\u00a0: 21h00<\/li>\n<\/ul>\n<p>Le classement en MotoGP 2025 avant le GP des \u00c9tats-Unis (2\/22)\u00a0:<\/p>\n<p>1. Marc Marquez (Ducati) &#8211; 74<\/p>\n<p>2. Alex Marquez (Ducati) &#8211; 58 (-16)<\/p>\n<p>3. Francesco Bagnaia (Ducati) &#8211; 43 (-31)<\/p>\n<p>4. Franco Morbidelli (Ducati) &#8211; 37 (-37)<\/p>\n<p>5. <a href=\"https:\/\/www.20minutes.fr\/sport\/johann-zarco\/\" class=\"color-ultramarine c-link\" target=\"_blank\" rel=\"noopener\">Johann Zarco<\/a> (Honda) &#8211; 25 (-49)<\/p>\n<p>6. Fabio di Giannantonio (Ducati) &#8211; 22 (-52)<\/p>\n<p>7. Brad Binder (KTM) &#8211; 19 (-55)<\/p>\n<p>8. Ai Ogura (Aprilia) &#8211; 17 (-57)<\/p>\n<p>9. Marco Bezzecchi (Aprilia) &#8211; 14 (-60)<\/p>\n<p>10. Pedro Acosta (KTM) &#8211; 13 (-61)<\/p>\n<p>11. Joan Mir (Honda) &#8211; 10 (-64)<\/p>\n<p>12. Luca Marini (<a href=\"https:\/\/www.20minutes.fr\/dossier\/honda\" class=\"color-ultramarine c-link\" target=\"_blank\" rel=\"noopener\">Honda<\/a>) &#8211; 10 (-64)<\/p>\n<p>13. Jack Miller (Yamaha) &#8211; 8 (-66)<\/p>\n<p>14. Enea Bastianini (KTM) &#8211; 7 (-67)<\/p>\n<p>15. <a href=\"https:\/\/www.20minutes.fr\/sport\/fabio-quartararo\/\" class=\"color-ultramarine c-link\" target=\"_blank\" rel=\"noopener\">Fabio Quartararo<\/a> (Yamaha) &#8211; 6 (-68)<\/p>\n<p>16. Alex Rins (Yamaha) &#8211; 5 (-69)<\/p>\n<p>17. Maverick Vi\u00f1ales (KTM) &#8211; 4 (-70)<\/p>\n<p>18. Fermin Aldeguer (Ducati) &#8211; 3 (-71)<\/p>\n<p>19. Miguel Oliveira (Yamaha) &#8211; 2 (-72)<\/p>\n<p>20. Raul Fernandez (Aprilia) &#8211; 1 (-73)<\/p>\n","protected":false},"excerpt":{"rendered":"La bataille s\u2019annonce rude ce week-end \u00e0 Austin (Texas). Victorieux des deux premiers MotoGP, Marc Marquez arrive avec&hellip;\n","protected":false},"author":2,"featured_media":301622,"comment_status":"","ping_status":"","sticky":false,"template":"","format":"standard","meta":{"footnotes":""},"categories":[1413],"tags":[1680,1011,27,1741,1457,6033,1456,517,60],"class_list":{"0":"post-301621","1":"post","2":"type-post","3":"status-publish","4":"format-standard","5":"has-post-thumbnail","7":"category-moto","8":"tag-fabio-quartararo","9":"tag-fr","10":"tag-france","11":"tag-johann-zarco","12":"tag-moto","13":"tag-moto-gp","14":"tag-motocycle","15":"tag-sport","16":"tag-sports"},"share_on_mastodon":{"url":"https:\/\/pubeurope.com\/@fr\/114984796980661034","error":""},"_links":{"self":[{"href":"https:\/\/www.europesays.com\/fr\/wp-json\/wp\/v2\/posts\/301621","targetHints":{"allow":["GET"]}}],"collection":[{"href":"https:\/\/www.europesays.com\/fr\/wp-json\/wp\/v2\/posts"}],"about":[{"href":"https:\/\/www.europesays.com\/fr\/wp-json\/wp\/v2\/types\/post"}],"author":[{"embeddable":true,"href":"https:\/\/www.europesays.com\/fr\/wp-json\/wp\/v2\/users\/2"}],"replies":[{"embeddable":true,"href":"https:\/\/www.europesays.com\/fr\/wp-json\/wp\/v2\/comments?post=301621"}],"version-history":[{"count":0,"href":"https:\/\/www.europesays.com\/fr\/wp-json\/wp\/v2\/posts\/301621\/revisions"}],"wp:featuredmedia":[{"embeddable":true,"href":"https:\/\/www.europesays.com\/fr\/wp-json\/wp\/v2\/media\/301622"}],"wp:attachment":[{"href":"https:\/\/www.europesays.com\/fr\/wp-json\/wp\/v2\/media?parent=301621"}],"wp:term":[{"taxonomy":"category","embeddable":true,"href":"https:\/\/www.europesays.com\/fr\/wp-json\/wp\/v2\/categories?post=301621"},{"taxonomy":"post_tag","embeddable":true,"href":"https:\/\/www.europesays.com\/fr\/wp-json\/wp\/v2\/tags?post=301621"}],"curies":[{"name":"wp","href":"https:\/\/api.w.org\/{rel}","templated":true}]}}