{"id":301629,"date":"2025-08-07T01:08:10","date_gmt":"2025-08-07T01:08:10","guid":{"rendered":"https:\/\/www.europesays.com\/fr\/301629\/"},"modified":"2025-08-07T01:08:10","modified_gmt":"2025-08-07T01:08:10","slug":"bienvenue-mon-petit-recemment-marie-a-chloe-roy-nicolas-duvauchelle-annonce-larrivee-daston-dans-la-famille","status":"publish","type":"post","link":"https:\/\/www.europesays.com\/fr\/301629\/","title":{"rendered":"\u00ab\u00a0Bienvenue mon petit\u00a0\u00bb : r\u00e9cemment mari\u00e9 \u00e0 Chlo\u00e9 Roy, Nicolas Duvauchelle annonce l&rsquo;arriv\u00e9e d&rsquo;Aston dans la famille"},"content":{"rendered":"<p>      R\u00e9sum\u00e9<\/p>\n<p>Nicolas Duvauchelle a r\u00e9cemment agrandi sa famille en accueillant un petit chien nomm\u00e9 Aston, qui charme d\u00e9j\u00e0 ses abonn\u00e9s sur les r\u00e9seaux sociaux.<\/p>\n<p>        Sommaire<\/p>\n<p><strong>Un nouveau membre dans la famille <\/strong>qui va \u00e9gayer les journ\u00e9es du clan Duvauchelle. En effet, <a href=\"https:\/\/www.public.fr\/tag\/nicolas-duvauchelle\" target=\"_blank\" rel=\"noopener\">Nicolas Duvauchelle<\/a> a annonc\u00e9 une belle nouvelle le 24 juillet dernier. Le com\u00e9dien de 45 ans publiant une photo <a href=\"https:\/\/www.instagram.com\/p\/DMfbHmKNZo_\/?img_index=1&amp;igsh=eXR5c2E2cjN2Nmto\" target=\"_blank\" rel=\"noopener\">sur son compte Instagram<\/a> pour annoncer <strong>l\u2019arriv\u00e9e d\u2019un petit chien pr\u00e9nomm\u00e9 Aston.\u00a0<\/strong><\/p>\n<p>Une nouvelle qui n\u2019a pas manqu\u00e9 de ravir les abonn\u00e9s de l\u2019acteur. En effet, suite \u00e0 la publication, nombre d\u2019internautes n\u2019ont pas manqu\u00e9 de f\u00e9liciter <a href=\"https:\/\/www.public.fr\/ludivine-sagnier-rares-confidences-sur-bonnie-sa-fille-avec-nicolas-duvauchelle\" target=\"_blank\" rel=\"noopener\">l\u2019ancien compagnon de Ludivine Sagnier<\/a> et faire part de leur \u00e9merveillement devant l\u2019adorable bouille de l\u2019animal.<\/p>\n<p>Aston fait fondre les internautes<\/p>\n<p>\u00ab\u00a0Tellement choupinou\u00a0\u00bb, <strong>\u00ab\u00a0Mais cette mignonnerie !\u00a0\u00bb<\/strong>, \u00ab\u00a0il est trop beau !\u00a0\u00bb, \u00ab\u00a0Future mascotte sur les tournages\u00a0\u00bb, se sont \u00e9merveill\u00e9s et r\u00e9jouis les abonn\u00e9s de Nicolas Duvauchelle. Il faut dire que l\u2019adorable spitz nain poss\u00e8de une bouille \u00e0 laquelle personne ne peut r\u00e9sister.\u00a0<\/p>\n<p>Son propri\u00e9taire semble d\u2019ores et d\u00e9j\u00e0 sous le charme et tr\u00e8s attach\u00e9 \u00e0 sa boule de poils comme en t\u00e9moigne l\u2019un des clich\u00e9s publi\u00e9s pour annoncer la nouvelle. Nous pouvons d\u00e9couvrir l\u2019acteur ayant notamment jou\u00e9 dans <strong>\u00ab\u00a0Braquo\u00a0\u00bb, \u00ab\u00a0Pax Massilia\u00a0\u00bb<\/strong>, ou encore <strong>\u00ab\u00a0C\u0153ur Noir\u00a0\u00bb<\/strong>, avec son petit chien dans les bras pour le pr\u00e9senter \u00e0 l\u2019objectif.\u00a0<\/p>\n<p>Reste \u00e0 savoir si ses enfants se montreront aussi gagas que leur p\u00e8re suite \u00e0 l\u2019arriv\u00e9e d\u2019Aston. Pour rappel, le com\u00e9dien \u00e2g\u00e9 de 45 ans est papa depuis plusieurs ann\u00e9es de trois enfants.<\/p>\n<p>Nicolas Duvauchelle, d\u00e9j\u00e0 papa de trois enfants<\/p>\n<p>En couple pendant plusieurs ann\u00e9es avec <a href=\"https:\/\/vsd.fr\/72939-je-me-suis-prise-au-jeu-ludivine-sagnier-evoque-sa-belle-complicite-avec-son-fils-de-fiction-paul-kircher\/\" target=\"_blank\" rel=\"noopener\">la com\u00e9dienne Ludivine Sagnier<\/a>, Nicolas Duvauchelle a d\u00e9couvert le r\u00f4le de p\u00e8re avec l\u2019arriv\u00e9e de Bonnie en 2005. Apr\u00e8s sa s\u00e9paration, l\u2019acteur s\u2019est mis en couple avec Laura Isaaz. De leur amour est n\u00e9e une autre fille, Romy, en 2012.<\/p>\n<p>L\u2019acteur connu pour ses r\u00f4les dans de nombreuses s\u00e9ries polici\u00e8res a de nouveau pu endosser le r\u00f4le de p\u00e8re, quelques ann\u00e9es plus tard, dans les bras du mannequin Anouchka Alsif. Le 31 ao\u00fbt 2017, elle donne en effet naissance \u00e0 un petit gar\u00e7on pr\u00e9nomm\u00e9 Andrea.<\/p>\n<p>Depuis 2019, Nicolas Duvauchelle est le plus heureux des hommes avec Chlo\u00e9 Roy. Ensemble depuis toutes ces ann\u00e9es, les amoureux ont d\u00e9cid\u00e9 de se dire <strong>\u00ab\u00a0oui\u00a0\u00bb de mani\u00e8re officielle, le 17 mai 2025<\/strong> \u00e0 Plo\u00ebrmel dans le Morbihan. Les tourtereaux \u00e9taient fianc\u00e9s depuis le 23 ao\u00fbt 2022. Si aucun enfant n\u2019a vu le jour pour le moment, le petit Aston va endosser ce r\u00f4le pour le moment.\u00a0<\/p>\n<p>      Mentionn\u00e9s dans cet article<\/p>\n<p>      Sur le m\u00eame sujet<\/p>\n<p>  <script async src=\"\/\/www.instagram.com\/embed.js\"><\/script><\/p>\n","protected":false},"excerpt":{"rendered":"R\u00e9sum\u00e9 Nicolas Duvauchelle a r\u00e9cemment agrandi sa famille en accueillant un petit chien nomm\u00e9 Aston, qui charme d\u00e9j\u00e0&hellip;\n","protected":false},"author":2,"featured_media":301630,"comment_status":"","ping_status":"","sticky":false,"template":"","format":"standard","meta":{"footnotes":""},"categories":[1359],"tags":[4850,58,59,652,1011,27,198,4359,973],"class_list":{"0":"post-301629","1":"post","2":"type-post","3":"status-publish","4":"format-standard","5":"has-post-thumbnail","7":"category-people","8":"tag-chien","9":"tag-divertissement","10":"tag-entertainment","11":"tag-famille","12":"tag-fr","13":"tag-france","14":"tag-naissance","15":"tag-nicolas-duvauchelle","16":"tag-people"},"share_on_mastodon":{"url":"https:\/\/pubeurope.com\/@fr\/114984812766155117","error":""},"_links":{"self":[{"href":"https:\/\/www.europesays.com\/fr\/wp-json\/wp\/v2\/posts\/301629","targetHints":{"allow":["GET"]}}],"collection":[{"href":"https:\/\/www.europesays.com\/fr\/wp-json\/wp\/v2\/posts"}],"about":[{"href":"https:\/\/www.europesays.com\/fr\/wp-json\/wp\/v2\/types\/post"}],"author":[{"embeddable":true,"href":"https:\/\/www.europesays.com\/fr\/wp-json\/wp\/v2\/users\/2"}],"replies":[{"embeddable":true,"href":"https:\/\/www.europesays.com\/fr\/wp-json\/wp\/v2\/comments?post=301629"}],"version-history":[{"count":0,"href":"https:\/\/www.europesays.com\/fr\/wp-json\/wp\/v2\/posts\/301629\/revisions"}],"wp:featuredmedia":[{"embeddable":true,"href":"https:\/\/www.europesays.com\/fr\/wp-json\/wp\/v2\/media\/301630"}],"wp:attachment":[{"href":"https:\/\/www.europesays.com\/fr\/wp-json\/wp\/v2\/media?parent=301629"}],"wp:term":[{"taxonomy":"category","embeddable":true,"href":"https:\/\/www.europesays.com\/fr\/wp-json\/wp\/v2\/categories?post=301629"},{"taxonomy":"post_tag","embeddable":true,"href":"https:\/\/www.europesays.com\/fr\/wp-json\/wp\/v2\/tags?post=301629"}],"curies":[{"name":"wp","href":"https:\/\/api.w.org\/{rel}","templated":true}]}}