{"id":301631,"date":"2025-08-07T01:09:18","date_gmt":"2025-08-07T01:09:18","guid":{"rendered":"https:\/\/www.europesays.com\/fr\/301631\/"},"modified":"2025-08-07T01:09:18","modified_gmt":"2025-08-07T01:09:18","slug":"a-la-recherche-des-traces-du-peintre-maurice-utrillo-en-bearn","status":"publish","type":"post","link":"https:\/\/www.europesays.com\/fr\/301631\/","title":{"rendered":"\u00e0 la recherche des traces du peintre Maurice Utrillo en B\u00e9arn"},"content":{"rendered":"<p>En 1923, il installe son chevalet place Saint-Pierre, \u00e0 l\u2019entr\u00e9e de la rue Neuve. Il peint la fontaine en premier plan, encadr\u00e9e par deux maisons du XVIIIe\u00a0si\u00e8cle\u00a0: la maison Lafore \u00e0 gauche, la maison Sarrailh \u00e0 droite. Ce tableau conna\u00eetra un destin singulier. Reproduit \u00e0 grande \u00e9chelle sur des milliers de cartes postales orn\u00e9es du bandeau \u00ab\u00a0Orthez la Jolie\u00a0\u00bb, il contribue \u00e0 forger l\u2019image pittoresque du village dans l\u2019imaginaire collectif. L\u2019\u0153uvre originale est acquise par la prestigieuse Perls Gallery de New York, o\u00f9 elle est toujours conserv\u00e9e.<\/p>\n<p>Redonner \u00e0 Orthez, et au B\u00e9arn, sa place dans la vie d\u2019Utrillo<\/p>\n<p>Mais ce tableau n\u2019est peut-\u00eatre pas le seul. Utrillo aurait \u00e9galement repr\u00e9sent\u00e9 l\u2019\u00e9glise Sainte-Suzanne, celle de Saint-Pierre, le Pont-Vieux et d\u2019autres vues du pays d\u2019Orthez. Certaines de ces \u0153uvres, aujourd\u2019hui dispers\u00e9es ou oubli\u00e9es, dorment peut-\u00eatre encore dans des collections priv\u00e9es ou des greniers du B\u00e9arn.<\/p>\n<p>L\u2019exposition en pr\u00e9paration, pr\u00e9vue au mus\u00e9e d\u2019Angoul\u00eame, entend faire conna\u00eetre ces \u00e9pisodes peu document\u00e9s de la vie du peintre. Pour nourrir ce travail, les deux organisateurs lancent un appel aux habitants du B\u00e9arn\u00a0: toute personne poss\u00e9dant un tableau, une lettre, une photo, un carnet, une esquisse ou un souvenir li\u00e9 \u00e0 son passage est invit\u00e9e \u00e0 les contacter.<\/p>\n","protected":false},"excerpt":{"rendered":"En 1923, il installe son chevalet place Saint-Pierre, \u00e0 l\u2019entr\u00e9e de la rue Neuve. Il peint la fontaine&hellip;\n","protected":false},"author":2,"featured_media":301632,"comment_status":"","ping_status":"","sticky":false,"template":"","format":"standard","meta":{"footnotes":""},"categories":[1358],"tags":[1348,1384,1385,1386,58,59,1011,27],"class_list":{"0":"post-301631","1":"post","2":"type-post","3":"status-publish","4":"format-standard","5":"has-post-thumbnail","7":"category-arts-et-design","8":"tag-arts","9":"tag-arts-and-design","10":"tag-arts-et-design","11":"tag-design","12":"tag-divertissement","13":"tag-entertainment","14":"tag-fr","15":"tag-france"},"share_on_mastodon":{"url":"https:\/\/pubeurope.com\/@fr\/114984816905406699","error":""},"_links":{"self":[{"href":"https:\/\/www.europesays.com\/fr\/wp-json\/wp\/v2\/posts\/301631","targetHints":{"allow":["GET"]}}],"collection":[{"href":"https:\/\/www.europesays.com\/fr\/wp-json\/wp\/v2\/posts"}],"about":[{"href":"https:\/\/www.europesays.com\/fr\/wp-json\/wp\/v2\/types\/post"}],"author":[{"embeddable":true,"href":"https:\/\/www.europesays.com\/fr\/wp-json\/wp\/v2\/users\/2"}],"replies":[{"embeddable":true,"href":"https:\/\/www.europesays.com\/fr\/wp-json\/wp\/v2\/comments?post=301631"}],"version-history":[{"count":0,"href":"https:\/\/www.europesays.com\/fr\/wp-json\/wp\/v2\/posts\/301631\/revisions"}],"wp:featuredmedia":[{"embeddable":true,"href":"https:\/\/www.europesays.com\/fr\/wp-json\/wp\/v2\/media\/301632"}],"wp:attachment":[{"href":"https:\/\/www.europesays.com\/fr\/wp-json\/wp\/v2\/media?parent=301631"}],"wp:term":[{"taxonomy":"category","embeddable":true,"href":"https:\/\/www.europesays.com\/fr\/wp-json\/wp\/v2\/categories?post=301631"},{"taxonomy":"post_tag","embeddable":true,"href":"https:\/\/www.europesays.com\/fr\/wp-json\/wp\/v2\/tags?post=301631"}],"curies":[{"name":"wp","href":"https:\/\/api.w.org\/{rel}","templated":true}]}}