{"id":301635,"date":"2025-08-07T01:11:15","date_gmt":"2025-08-07T01:11:15","guid":{"rendered":"https:\/\/www.europesays.com\/fr\/301635\/"},"modified":"2025-08-07T01:11:15","modified_gmt":"2025-08-07T01:11:15","slug":"arte-journal-06-08-2025-armes-nucleaires-nouveau-president-polonais-feux-et-canicule-regarder-lemission-complete","status":"publish","type":"post","link":"https:\/\/www.europesays.com\/fr\/301635\/","title":{"rendered":"ARTE Journal &#8211; 06\/08\/2025 &#8211; Armes nucl\u00e9aires\/Nouveau pr\u00e9sident polonais\/Feux et canicule &#8211; Regarder l\u2019\u00e9mission compl\u00e8te"},"content":{"rendered":"<p>ARTE Journal &#8211; 06\/08\/2025 &#8211; Armes nucl\u00e9aires\/Nouveau pr\u00e9sident polonais\/Feux et canicule &#8211; Regarder l\u2019\u00e9mission compl\u00e8te | ARTE<\/p>\n<p>Armes nucl\u00e9aires\/Nouveau pr\u00e9sident polonais\/Feux et canicule<\/p>\n<p class=\"ds-6406tu\">20 min<\/p>\n<p class=\"ds-6406tu\">Disponible jusqu&rsquo;au 8 ao\u00fbt 2025 \u00e0 19:45<\/p>\n<p class=\"ds-6406tu\">Plus que 2 jours<\/p>\n<p>80 ans apr\u00e8s le bombardement d&rsquo;Hiroshima, l&rsquo;arsenal nucl\u00e9aire mondial se r\u00e9partit entre neuf pays. Russie et \u00c9tats-Unis en t\u00eate \/ En Pologne, investiture du nouveau pr\u00e9sident nationaliste et conservateur Karol Nawrocki \/ Un incendie g\u00e9ant ravage le massif des Corbi\u00e8res dans le d\u00e9partement de l&rsquo;Aude tandis qu&rsquo;une deuxi\u00e8me canicule s&rsquo;abat sur la p\u00e9ninsule ib\u00e9rique.\u00a0<\/p>\n<p>Vous pourriez aimer aussi<\/p>\n<p>Les vid\u00e9os les plus vues sur ARTE<\/p>\n<p>arte.tv sur tous vos \u00e9crans<\/p>\n<p class=\"ds-934w7j\">Retrouvez nos programmes sur votre ordinateur, smartphone, tablette ou TV connect\u00e9e<\/p>\n<p><a class=\"ds-1sqfl0u\" href=\"https:\/\/apps.apple.com\/app\/apple-store\/id405028510?pt=398281&amp;ct=install-app-btn&amp;mt=8\" target=\"_self\" rel=\"nofollow noopener\"><img decoding=\"async\" class=\"ds-111g4a3\" alt=\"T\u00e9l\u00e9charger dans l'App Store\" loading=\"lazy\" src=\"https:\/\/www.europesays.com\/fr\/wp-content\/uploads\/2025\/04\/AppStore_fr.png\"\/><\/a><a class=\"ds-1sqfl0u\" href=\"https:\/\/play.google.com\/store\/apps\/details?id=tv.arte.plus7&amp;utm_campaign=install-app-btn\" target=\"_self\" rel=\"nofollow noopener\"><img decoding=\"async\" class=\"ds-111g4a3\" alt=\"Disponible sur Google Play\" loading=\"lazy\" src=\"https:\/\/www.europesays.com\/fr\/wp-content\/uploads\/2025\/04\/PlayStore_fr.png\"\/><\/a><\/p>\n<ul class=\"ds-6dci8q\">\n<li class=\"ds-7m7syb\">Sites<\/li>\n<li class=\"ds-1cscmpv\">Entreprise<\/li>\n<li class=\"ds-zl6jy0\">Infos l\u00e9gales<\/li>\n<li class=\"ds-1sbkvid\">R\u00e9seaux sociaux<\/li>\n<li class=\"ds-1f682iq\"\/>\n<li class=\"ds-1b8mr4m\" data-testid=\"newsletter\">NewsletterAdresse e-mail<\/li>\n<\/ul>\n<p class=\"ds-8tdfc6\">Tous droits de reproduction et de diffusion r\u00e9serv\u00e9s \u00a9 2025 ARTE G.E.I.E. &#8211; ARTE G.E.I.E. 4, quai du chanoine Winterer CS 20035 &#8211; 67080 Strasbourg Cedex<\/p>\n","protected":false},"excerpt":{"rendered":"ARTE Journal &#8211; 06\/08\/2025 &#8211; Armes nucl\u00e9aires\/Nouveau pr\u00e9sident polonais\/Feux et canicule &#8211; Regarder l\u2019\u00e9mission compl\u00e8te | ARTE Armes&hellip;\n","protected":false},"author":2,"featured_media":301636,"comment_status":"","ping_status":"","sticky":false,"template":"","format":"standard","meta":{"footnotes":""},"categories":[1356],"tags":[58,59,1011,27,252,1364],"class_list":{"0":"post-301635","1":"post","2":"type-post","3":"status-publish","4":"format-standard","5":"has-post-thumbnail","7":"category-television","8":"tag-divertissement","9":"tag-entertainment","10":"tag-fr","11":"tag-france","12":"tag-television","13":"tag-tv"},"share_on_mastodon":{"url":"https:\/\/pubeurope.com\/@fr\/114984825128171406","error":""},"_links":{"self":[{"href":"https:\/\/www.europesays.com\/fr\/wp-json\/wp\/v2\/posts\/301635","targetHints":{"allow":["GET"]}}],"collection":[{"href":"https:\/\/www.europesays.com\/fr\/wp-json\/wp\/v2\/posts"}],"about":[{"href":"https:\/\/www.europesays.com\/fr\/wp-json\/wp\/v2\/types\/post"}],"author":[{"embeddable":true,"href":"https:\/\/www.europesays.com\/fr\/wp-json\/wp\/v2\/users\/2"}],"replies":[{"embeddable":true,"href":"https:\/\/www.europesays.com\/fr\/wp-json\/wp\/v2\/comments?post=301635"}],"version-history":[{"count":0,"href":"https:\/\/www.europesays.com\/fr\/wp-json\/wp\/v2\/posts\/301635\/revisions"}],"wp:featuredmedia":[{"embeddable":true,"href":"https:\/\/www.europesays.com\/fr\/wp-json\/wp\/v2\/media\/301636"}],"wp:attachment":[{"href":"https:\/\/www.europesays.com\/fr\/wp-json\/wp\/v2\/media?parent=301635"}],"wp:term":[{"taxonomy":"category","embeddable":true,"href":"https:\/\/www.europesays.com\/fr\/wp-json\/wp\/v2\/categories?post=301635"},{"taxonomy":"post_tag","embeddable":true,"href":"https:\/\/www.europesays.com\/fr\/wp-json\/wp\/v2\/tags?post=301635"}],"curies":[{"name":"wp","href":"https:\/\/api.w.org\/{rel}","templated":true}]}}