{"id":301639,"date":"2025-08-07T01:13:22","date_gmt":"2025-08-07T01:13:22","guid":{"rendered":"https:\/\/www.europesays.com\/fr\/301639\/"},"modified":"2025-08-07T01:13:22","modified_gmt":"2025-08-07T01:13:22","slug":"qui-est-patrick-brammall-le-nouveau-flirt-danne-hathaway-dans-le-diable-shabille-en-prada-2","status":"publish","type":"post","link":"https:\/\/www.europesays.com\/fr\/301639\/","title":{"rendered":"Qui est Patrick Brammall, le nouveau flirt d\u2019Anne Hathaway dans \u00ab\u00a0Le Diable s\u2019habille en Prada 2\u00a0\u00bb\u00a0?"},"content":{"rendered":"<p>Et si, le m\u00e9chant du <a href=\"https:\/\/www.parismatch.com\/People\/le-diable-shabille-en-prada-premieres-images-danne-hathaway-sur-le-tournage-de-la-suite-du-film-culte-254591\" rel=\"nofollow noopener\" target=\"_blank\">\u00ab\u00a0Diable s\u2019habille en Prada\u00a0\u00bb (2006)<\/a> n\u2019\u00e9tait pas Miranda Priestly mais Nate, le petit ami d\u2019Andy, jou\u00e9 par Adrian Grenier\u00a0? C\u2019est en tout cas l\u2019un des d\u00e9bats qui agite les fans du film culte. Il faut dire que le cuisinier ne cesse d\u2019exprimer son m\u00e9pris pour le nouveau travail de la journaliste et le monde de la mode, en plus de r\u00e9clamer d\u2019\u00eatre sa priorit\u00e9, avant m\u00eame ses obligations professionnelles. Mais, il semblerait qu\u2019Andy se soit d\u00e9barrass\u00e9e de Nate.<\/p>\n<p>Alors que<a href=\"https:\/\/www.parismatch.com\/People\/le-diable-shabille-en-prada-2-tout-le-casting-en-images-avec-meryl-streep-anne-hathaway-emily-blunt-254950\" rel=\"nofollow noopener\" target=\"_blank\"> le tournage de la suite du \u00ab\u00a0Diable s\u2019habille en Prada\u00a0\u00bb <\/a>vient de d\u00e9buter \u00e0 New York, avec toujours Anne Hathaway dans la peau (et les fringues) d\u2019Andy Sachs, <a href=\"https:\/\/www.parismatch.com\/People\/le-diable-shabille-en-prada-premieres-images-de-meryl-streep-en-miranda-priestly-sur-le-tournage-de-la-suite-254746\" rel=\"nofollow noopener\" target=\"_blank\">Meryl Streep dans les escarpins de Miranda Priestly,<\/a> Emily Blunt dans le r\u00f4le d\u2019Emily Charlton et m\u00eame Stanley Tucci dans le r\u00f4le de Nigel Kipling, Adrian Grenier, lui, n\u2019est pas au casting. Simon Baker, qui jouait le s\u00e9duisant Christian Thompson qui aurait pu faire craquer Andy, non plus.<\/p>\n<p>    La suite apr\u00e8s cette publicit\u00e9<\/p>\n<p>Anne Hathaway sous le charme de Patrick Brammall<\/p>\n<p>Ce qui ne veut pas dire que la journaliste n\u2019aura pas de \u00ab\u00a0love interest\u00a0\u00bb dans le deuxi\u00e8me volet. Au contraire. Mardi 5\u00a0ao\u00fbt, Anne Hathaway, en sublime robe bleue \u00e0 sequins, a \u00e9t\u00e9 aper\u00e7ue au bras d\u2019un homme des plus \u00e9l\u00e9gants, cheveux gris et costume bleu, dans les rues de New York, pour le tournage d\u2019une sc\u00e8ne romantique\u00a0: baisers, c\u00e2lins et pas de danse sur les passages pi\u00e9tons de la grosse pomme. L\u2019homme en question, c\u2019est Patrick Brammall, qui rejoint le casting du \u00ab\u00a0Diable s\u2019habille en Prada\u00a02\u00a0\u00bb.<\/p>\n<p>    La suite apr\u00e8s cette publicit\u00e9<\/p>\n<p>D\u2019origine australienne, Patrick Brammall, 49\u00a0ans, a d\u00e9but\u00e9 dans les ann\u00e9es 2000 avec des apparitions \u00e0 la t\u00e9l\u00e9vision australienne, notamment dans le feuilleton \u00ab\u00a0Summer Bay\u00a0\u00bb (2007), dans la s\u00e9rie \u00ab\u00a0A Moody Christmas\u00a0\u00bb (2012) ou encore \u00ab\u00a0Glitch\u00a0\u00bb (2015). Il est aussi connu pour son r\u00f4le dans la s\u00e9rie \u00ab\u00a0Colin Front Accounts\u00a0\u00bb (2022), diffus\u00e9e sur Paramount +, qu\u2019il a co\u00e9crit avec sa femme Harriet Dwyer. Il signe, avec \u00ab\u00a0Le Diable s\u2019habille en Prada\u00a0\u00bb, son entr\u00e9e \u00e0 Hollywood.<\/p>\n<p>Outre Patrick Brammall, plusieurs nouveaux acteurs viennent compl\u00e9ter <a href=\"https:\/\/www.parismatch.com\/culture\/cinema\/meryl-streep-anne-hathaway-et-emily-blunt-seront-bel-et-bien-dans-le-diable-shabille-en-prada-2-253573\" rel=\"nofollow noopener\" target=\"_blank\">le casting originel,<\/a> dont Kenneth Branagh, dans le r\u00f4le de l\u2019\u00e9poux de Miranda\u00a0; Lucy Liu, h\u00e9ro\u00efne de \u00ab\u00a0Charlie et ses dr\u00f4les de dames\u00a0\u00bb (2000)\u00a0; Justin Theroux, star de \u00ab\u00a0The Leftovers\u00a0\u00bb (2014-2017)\u00a0; Simone Ashley, vue dans \u00ab\u00a0La Chronique des Bridgerton\u00a0\u00bb, ou encore Pauline Chalamet (oui, la s\u0153ur de Timoth\u00e9e), aper\u00e7ue dans \u00ab\u00a0The Sex Lives of College Girls\u00a0\u00bb (2021-2025). La sortie du film est pr\u00e9vue le 1er\u00a0mai 2026.<\/p>\n","protected":false},"excerpt":{"rendered":"Et si, le m\u00e9chant du \u00ab\u00a0Diable s\u2019habille en Prada\u00a0\u00bb (2006) n\u2019\u00e9tait pas Miranda Priestly mais Nate, le petit&hellip;\n","protected":false},"author":2,"featured_media":301640,"comment_status":"","ping_status":"","sticky":false,"template":"","format":"standard","meta":{"footnotes":""},"categories":[1354],"tags":[58,59,1346,1011,27,1360],"class_list":{"0":"post-301639","1":"post","2":"type-post","3":"status-publish","4":"format-standard","5":"has-post-thumbnail","7":"category-films","8":"tag-divertissement","9":"tag-entertainment","10":"tag-films","11":"tag-fr","12":"tag-france","13":"tag-movies"},"share_on_mastodon":{"url":"https:\/\/pubeurope.com\/@fr\/114984832482896741","error":""},"_links":{"self":[{"href":"https:\/\/www.europesays.com\/fr\/wp-json\/wp\/v2\/posts\/301639","targetHints":{"allow":["GET"]}}],"collection":[{"href":"https:\/\/www.europesays.com\/fr\/wp-json\/wp\/v2\/posts"}],"about":[{"href":"https:\/\/www.europesays.com\/fr\/wp-json\/wp\/v2\/types\/post"}],"author":[{"embeddable":true,"href":"https:\/\/www.europesays.com\/fr\/wp-json\/wp\/v2\/users\/2"}],"replies":[{"embeddable":true,"href":"https:\/\/www.europesays.com\/fr\/wp-json\/wp\/v2\/comments?post=301639"}],"version-history":[{"count":0,"href":"https:\/\/www.europesays.com\/fr\/wp-json\/wp\/v2\/posts\/301639\/revisions"}],"wp:featuredmedia":[{"embeddable":true,"href":"https:\/\/www.europesays.com\/fr\/wp-json\/wp\/v2\/media\/301640"}],"wp:attachment":[{"href":"https:\/\/www.europesays.com\/fr\/wp-json\/wp\/v2\/media?parent=301639"}],"wp:term":[{"taxonomy":"category","embeddable":true,"href":"https:\/\/www.europesays.com\/fr\/wp-json\/wp\/v2\/categories?post=301639"},{"taxonomy":"post_tag","embeddable":true,"href":"https:\/\/www.europesays.com\/fr\/wp-json\/wp\/v2\/tags?post=301639"}],"curies":[{"name":"wp","href":"https:\/\/api.w.org\/{rel}","templated":true}]}}