{"id":301649,"date":"2025-08-07T01:18:14","date_gmt":"2025-08-07T01:18:14","guid":{"rendered":"https:\/\/www.europesays.com\/fr\/301649\/"},"modified":"2025-08-07T01:18:14","modified_gmt":"2025-08-07T01:18:14","slug":"en-graphiques-les-droits-de-douane-americains-contre-la-suisse-defient-toute-logique","status":"publish","type":"post","link":"https:\/\/www.europesays.com\/fr\/301649\/","title":{"rendered":"En graphiques \u2014 Les droits de douane am\u00e9ricains contre la Suisse d\u00e9fient toute logique"},"content":{"rendered":"<p>La Suisse reste sous le choc. Avec un taux douanier de 39%, elle se classe au quatri\u00e8me rang mondial des \u00e9conomies les plus tax\u00e9es par Washington. Ces nouvelles mesures protectionnistes, qui doivent entrer en vigueur ce jeudi 7\u00a0ao\u00fbt \u00e0 6h01 heure suisse, ont pouss\u00e9 la pr\u00e9sidente de la Conf\u00e9d\u00e9ration Karin Keller-Sutter et le vice-pr\u00e9sident Guy Parmelin \u00e0 se rendre d\u2019urgence dans la capitale am\u00e9ricaine mardi pour tenter d\u2019infl\u00e9chir cette d\u00e9cision.<\/p>\n","protected":false},"excerpt":{"rendered":"La Suisse reste sous le choc. Avec un taux douanier de 39%, elle se classe au quatri\u00e8me rang&hellip;\n","protected":false},"author":2,"featured_media":301650,"comment_status":"","ping_status":"","sticky":false,"template":"","format":"standard","meta":{"footnotes":""},"categories":[6],"tags":[35,33,34,73,1011,27,1074,301],"class_list":{"0":"post-301649","1":"post","2":"type-post","3":"status-publish","4":"format-standard","5":"has-post-thumbnail","7":"category-economie","8":"tag-business","9":"tag-economie","10":"tag-economy","11":"tag-etats-unis","12":"tag-fr","13":"tag-france","14":"tag-guerre-commerciale","15":"tag-premium"},"share_on_mastodon":{"url":"https:\/\/pubeurope.com\/@fr\/114984852096311253","error":""},"_links":{"self":[{"href":"https:\/\/www.europesays.com\/fr\/wp-json\/wp\/v2\/posts\/301649","targetHints":{"allow":["GET"]}}],"collection":[{"href":"https:\/\/www.europesays.com\/fr\/wp-json\/wp\/v2\/posts"}],"about":[{"href":"https:\/\/www.europesays.com\/fr\/wp-json\/wp\/v2\/types\/post"}],"author":[{"embeddable":true,"href":"https:\/\/www.europesays.com\/fr\/wp-json\/wp\/v2\/users\/2"}],"replies":[{"embeddable":true,"href":"https:\/\/www.europesays.com\/fr\/wp-json\/wp\/v2\/comments?post=301649"}],"version-history":[{"count":0,"href":"https:\/\/www.europesays.com\/fr\/wp-json\/wp\/v2\/posts\/301649\/revisions"}],"wp:featuredmedia":[{"embeddable":true,"href":"https:\/\/www.europesays.com\/fr\/wp-json\/wp\/v2\/media\/301650"}],"wp:attachment":[{"href":"https:\/\/www.europesays.com\/fr\/wp-json\/wp\/v2\/media?parent=301649"}],"wp:term":[{"taxonomy":"category","embeddable":true,"href":"https:\/\/www.europesays.com\/fr\/wp-json\/wp\/v2\/categories?post=301649"},{"taxonomy":"post_tag","embeddable":true,"href":"https:\/\/www.europesays.com\/fr\/wp-json\/wp\/v2\/tags?post=301649"}],"curies":[{"name":"wp","href":"https:\/\/api.w.org\/{rel}","templated":true}]}}