{"id":301659,"date":"2025-08-07T01:28:12","date_gmt":"2025-08-07T01:28:12","guid":{"rendered":"https:\/\/www.europesays.com\/fr\/301659\/"},"modified":"2025-08-07T01:28:12","modified_gmt":"2025-08-07T01:28:12","slug":"dur-a-gerer-mathis-ferte-raconte-son-transfert-galere","status":"publish","type":"post","link":"https:\/\/www.europesays.com\/fr\/301659\/","title":{"rendered":"\u00ab Dur \u00e0 g\u00e9rer \u00bb, Mathis Fert\u00e9 raconte son transfert gal\u00e8re"},"content":{"rendered":"<p>Il d\u00e9barque avec pleins de promesses et pas mal d&rsquo;ambitions. Mathis Fert\u00e9 veut marquer son passage au RCT. D\u00e9j\u00e0 habitu\u00e9 au haut niveau, il esp\u00e8re r\u00e9cup\u00e9rer tr\u00e8s rapidement un meilleur r\u00f4le dans l&rsquo;\u00e9quipe. L&rsquo;ambiance et l&rsquo;accueil auxquels il a eu droit \u00e0 son arriv\u00e9e le rassurent d&rsquo;avantage.<\/p>\n<p>\u00a0<\/p>\n<p>\u00ab Je suis franchement tr\u00e8s content de mon choix. Le matin, quand je me l\u00e8ve, je suis tr\u00e8s heureux d\u2019aller m\u2019entra\u00eener. Il fait beau, le cadre est incroyable. <strong>Je me r\u00e9gale<\/strong> \u00bb, a d\u00e9clar\u00e9 Mathis Fert\u00e9 qui ne cache pas son plaisir d&rsquo;\u00eatre aujourd&rsquo;hui un Toulonnais. Sauf qu&rsquo;il a eu du mal \u00e0 boucler son transfert pour le RC Toulon.<\/p>\n<p>\u00a0<\/p>\n<p>Pourtant, il avait une bonne excuse<\/p>\n<p>\u00a0<\/p>\n<p>Il ne faut pas plus pour que certains joueurs renoncent \u00e0 d\u00e9m\u00e9nager. La famille \u00e9tait un motif suffisant pour dissuader le jeune rugbyman de 21 ans. Mais Mathis Fert\u00e9 a su s&rsquo;y faire et suivre sa carri\u00e8re. \u00ab Je suis <strong>tr\u00e8s famille<\/strong>, \u00e7a a \u00e9t\u00e9 <strong>le point le plus dur \u00e0 g\u00e9rer<\/strong>. Mais aujourd\u2019hui, je suis heureux \u00bb, confie-t-il \u00e0 Rugbyrama.<\/p>\n<p>\u00a0<\/p>\n<p>Faut-il le rappeler, Mathis Fert\u00e9 est capable de plusieurs postes arri\u00e8res. Sa polyvalence en tant qu&rsquo;ailier, demi de m\u00eal\u00e9e ou m\u00eame centre, il a \u00e9t\u00e9 important pour Brive la saison derni\u00e8re. En 2024-2025, Fert\u00e9 a disput\u00e9 27 matchs en Pro D2 pour 50 points marqu\u00e9s, le tout en 10 essais.<\/p>\n<p>Partagez cette info avec vos amis et vos proches en cliquant ici<br \/>Pour r\u00e9sumer<\/p>\n<p>Mathis Fert\u00e9, 21 ans, rejoint Toulon avec ambition et polyvalence apr\u00e8s un transfert \u00e9motionnellement difficile. Attach\u00e9 \u00e0 sa famille, il a h\u00e9sit\u00e9 avant de franchir le pas. Aujourd\u2019hui, il savoure son nouveau cadre et vise un r\u00f4le majeur au RCT.<\/p>\n<p> <img decoding=\"async\" width=\"76\" height=\"76\" loading=\"lazy\" src=\"https:\/\/www.europesays.com\/fr\/wp-content\/uploads\/2025\/04\/avatar-quinze.png\" alt=\"Voldi Fr\u00e9jus\u00a0Hounvio\"\/><\/p>\n","protected":false},"excerpt":{"rendered":"Il d\u00e9barque avec pleins de promesses et pas mal d&rsquo;ambitions. Mathis Fert\u00e9 veut marquer son passage au RCT.&hellip;\n","protected":false},"author":2,"featured_media":301660,"comment_status":"","ping_status":"","sticky":false,"template":"","format":"standard","meta":{"footnotes":""},"categories":[9619],"tags":[1111,11,1777,674,1011,27,12,882,25,2310],"class_list":{"0":"post-301659","1":"post","2":"type-post","3":"status-publish","4":"format-standard","5":"has-post-thumbnail","7":"category-toulon","8":"tag-actu","9":"tag-actualites","10":"tag-eu","11":"tag-europe","12":"tag-fr","13":"tag-france","14":"tag-news","15":"tag-provence-alpes-cote-dazur","16":"tag-republique-francaise","17":"tag-toulon"},"share_on_mastodon":{"url":"https:\/\/pubeurope.com\/@fr\/114984891422799287","error":""},"_links":{"self":[{"href":"https:\/\/www.europesays.com\/fr\/wp-json\/wp\/v2\/posts\/301659","targetHints":{"allow":["GET"]}}],"collection":[{"href":"https:\/\/www.europesays.com\/fr\/wp-json\/wp\/v2\/posts"}],"about":[{"href":"https:\/\/www.europesays.com\/fr\/wp-json\/wp\/v2\/types\/post"}],"author":[{"embeddable":true,"href":"https:\/\/www.europesays.com\/fr\/wp-json\/wp\/v2\/users\/2"}],"replies":[{"embeddable":true,"href":"https:\/\/www.europesays.com\/fr\/wp-json\/wp\/v2\/comments?post=301659"}],"version-history":[{"count":0,"href":"https:\/\/www.europesays.com\/fr\/wp-json\/wp\/v2\/posts\/301659\/revisions"}],"wp:featuredmedia":[{"embeddable":true,"href":"https:\/\/www.europesays.com\/fr\/wp-json\/wp\/v2\/media\/301660"}],"wp:attachment":[{"href":"https:\/\/www.europesays.com\/fr\/wp-json\/wp\/v2\/media?parent=301659"}],"wp:term":[{"taxonomy":"category","embeddable":true,"href":"https:\/\/www.europesays.com\/fr\/wp-json\/wp\/v2\/categories?post=301659"},{"taxonomy":"post_tag","embeddable":true,"href":"https:\/\/www.europesays.com\/fr\/wp-json\/wp\/v2\/tags?post=301659"}],"curies":[{"name":"wp","href":"https:\/\/api.w.org\/{rel}","templated":true}]}}