{"id":301667,"date":"2025-08-07T01:38:09","date_gmt":"2025-08-07T01:38:09","guid":{"rendered":"https:\/\/www.europesays.com\/fr\/301667\/"},"modified":"2025-08-07T01:38:09","modified_gmt":"2025-08-07T01:38:09","slug":"gerald-darmanin-decide-dannuler-un-stage-de-surf-therapeutique-prevu-pour-des-detenus-dune-prison-de-rennes","status":"publish","type":"post","link":"https:\/\/www.europesays.com\/fr\/301667\/","title":{"rendered":"G\u00e9rald Darmanin d\u00e9cide d\u2019annuler un stage de \u00ab surf th\u00e9rapeutique \u00bb pr\u00e9vu pour des d\u00e9tenus d\u2019une prison de Rennes"},"content":{"rendered":"<p class=\"paragraph text_align_left lp-f-body-02\">Tout est parti d\u2019une simple proposition de r\u00e9insertion. Le service m\u00e9dico-psychologique r\u00e9gional (SMPR) de la prison de Rennes-Vezin (Ille-et-Vilaine) avait prescrit un s\u00e9jour de \u00ab surf th\u00e9rapeutique \u00bb d\u2019une semaine \u00e0 Saint-Malo pour certains des d\u00e9tenus. L\u2019initiative devait se concr\u00e9tiser \u00e0 la rentr\u00e9e, avant que le ministre de l\u2019Int\u00e9rieur, <a href=\"https:\/\/www.leparisien.fr\/politique\/gerald-darmanin\/\" target=\"_blank\" rel=\"noreferrer nofollow noopener\">G\u00e9rald Darmanin<\/a>, ne d\u00e9cide de l\u2019annuler, devant la col\u00e8re d\u2019un syndicat p\u00e9nitentiaire.<\/p>\n<p class=\"paragraph text_align_left lp-f-body-02\">\u00ab Le SMPR est totalement aux abonn\u00e9s absents pour soigner ces d\u00e9tenus dangereux ! Mais lorsqu\u2019il s\u2019agit de d\u00e9penser des cr\u00e9dits (qu\u2019au passage, on serait heureux d\u2019avoir), ils sont aux anges \u00bb, s\u2019aga\u00e7ait \u00c9ric Tox\u00e9, secr\u00e9taire local du syndicat UFAP-Unsa, dans <a href=\"https:\/\/www.ufap.fr\/cp-rennes-vezin-faites-du-sport-cest-bon-pour-la-sante\/\" target=\"_blank\" rel=\"noreferrer nofollow noopener\">un communiqu\u00e9<\/a> publi\u00e9 jeudi dernier. Le syndicaliste a redit sa col\u00e8re ce lundi au micro de <a href=\"https:\/\/rmc.bfmtv.com\/actualites\/police-justice\/faits-divers\/detenu-a-rennes-son-medecin-lui-prescrit-du-surf-a-saint-malo-gerald-darmanin-annule-sa-sortie_AV-202508040209.html\" target=\"_blank\" rel=\"noreferrer nofollow noopener\">RMC<\/a>. \u00ab C\u2019\u00e9tait une ineptie \u00bb, a-t-il jug\u00e9.<\/p>\n<p>\u00ab C\u2019est insultant \u00bb<\/p>\n<p class=\"paragraph text_align_left lp-f-body-02\">\u00ab C\u2019est insultant pour le personnel, c\u2019est insultant pour les victimes car la prison, c\u2019est pas \u00e7a pour eux\u00bb, a-t-il insist\u00e9. \u00ab Et c\u2019est insultant pour les Fran\u00e7ais car on leur demande de se serrer la ceinture \u00bb. Et de poursuivre : \u00ab Cela se saurait si faire du surf permettait \u00e0 des d\u00e9tenus qui pr\u00e9sentent des troubles psychologiques d\u2019\u00eatre soign\u00e9s \u00bb.<\/p>\n<p class=\"paragraph text_align_left lp-f-body-02\">Depuis, la place Beauvau a assur\u00e9 vendredi aupr\u00e8s du <a href=\"https:\/\/www.huffingtonpost.fr\/politique\/article\/gerald-darmanin-annule-cette-activite-surf-pour-des-detenus-apres-la-colere-du-rn-sauf-que_253191.html\" target=\"_blank\" rel=\"noreferrer nofollow noopener\">HuffPost<\/a> que \u00ab le garde des Sceaux avait demand\u00e9 l\u2019annulation imm\u00e9diate de cette activit\u00e9 qui devait avoir lieu \u00e0 la rentr\u00e9e, conform\u00e9ment \u00e0 la doctrine qu\u2019il a instaur\u00e9e \u00e0 son arriv\u00e9e \u00bb.<\/p>\n<p class=\"lp-card-podcast-highlighting__title  lp-f-subtitle-05\">[2\/4] C\u00e9cile Vallin, les secrets d\u2019une disparition <\/p>\n<p class=\"lp-card-podcast-highlighting__description lp-f-ui-05\">Crime story raconte chaque semaine les grandes affaires criminelles.<\/p>\n<p><a class=\"lp-card-podcast-highlighting__call-to-action\" data-page-type=\"HP\" data-block-name=\"podcast-highlight\">\u00c9couter<\/a><\/p>\n<p class=\"paragraph text_align_left lp-f-body-02\">En f\u00e9vrier dernier, G\u00e9rald Darmanin avait en effet ordonn\u00e9 <a href=\"https:\/\/www.leparisien.fr\/faits-divers\/personne-ne-comprend-pourquoi-elles-existent-darmanin-ordonne-larret-de-toute-activite-ludique-en-prison-17-02-2025-G3YGPBE5HRF4LGDL4NTMOSDXRI.php\" target=\"_blank\" rel=\"noreferrer nofollow noopener\">l\u2019arr\u00eat de toutes les \u00ab activit\u00e9s ludiques \u00bb<\/a> en prison qui ne concernent pas l\u2019\u00e9ducation ou la langue fran\u00e7aise. <a href=\"https:\/\/www.leparisien.fr\/faits-divers\/contraire-au-code-penitentiaire-le-conseil-detat-annule-linterdiction-des-activites-ludiques-en-prison-19-05-2025-RWUN5L6765ANZMBRQUYXGG26SE.php\" target=\"_blank\" rel=\"noreferrer nofollow noopener\">Le Conseil d\u2019\u00c9tat avait toutefois annul\u00e9 cette interdiction<\/a>, la jugeant contraire au code p\u00e9nitentiaire.<\/p>\n<p>Des activit\u00e9s qui \u00ab r\u00e9apprennent aux gens \u00e0 revivre normalement \u00bb<\/p>\n<p class=\"paragraph text_align_left lp-f-body-02\">L\u2019interdiction voulue par G\u00e9rald Darmanin faisait suite \u00e0 une pol\u00e9mique sur des soins du visage prodigu\u00e9s \u00e0 des d\u00e9tenus \u00e0 la maison d\u2019arr\u00eat de Toulouse-Seysses. \u00ab Il est hors de question d\u2019avoir des activit\u00e9s ludiques qui choquent tous nos concitoyens et qui m\u2019ont choqu\u00e9 profond\u00e9ment lorsque j\u2019ai appris que cette activit\u00e9 gratuite qui avait \u00e9t\u00e9 propos\u00e9e localement avait \u00e9t\u00e9 accept\u00e9e \u00bb, avait-il alors d\u00e9clar\u00e9.<\/p>\n<p class=\"paragraph text_align_left lp-f-body-02\">\u00ab C\u2019est un tort \u00bb que de supprimer de telles activit\u00e9s, avait r\u00e9agi pour sa part la contr\u00f4leure g\u00e9n\u00e9rale des lieux de privation de libert\u00e9, <a href=\"https:\/\/www.leparisien.fr\/faits-divers\/dominique-simonnot-journaliste-au-canard-enchaine-nommee-controleure-des-prisons-05-10-2020-8397189.php\" rel=\"nofollow noopener\" target=\"_blank\">Dominique Simonnot<\/a>, soulignant qu\u2019elles \u00e9taient \u00ab pr\u00e9vues par la loi \u00bb. \u00ab Ces activit\u00e9s ludiques ne sont pas simplement ludiques, <a href=\"https:\/\/www.leparisien.fr\/faits-divers\/theatre-cinema-sport-derriere-les-activites-ludiques-en-prison-lobjectif-de-reinserer-les-detenus-18-02-2025-K6PRHMWXLNGBJH4I5OPV7EMJ64.php\" target=\"_blank\" rel=\"noreferrer nofollow noopener\">elles r\u00e9apprennent aux gens \u00e0 revivre<\/a> normalement \u00bb.<\/p>\n<p class=\"paragraph text_align_left lp-f-body-02\">L\u2019objectif de ces activit\u00e9s, \u00ab c\u2019est la r\u00e9insertion \u00bb, avait insist\u00e9 aupr\u00e8s du <a href=\"https:\/\/www.leparisien.fr\/faits-divers\/theatre-cinema-sport-derriere-les-activites-ludiques-en-prison-lobjectif-de-reinserer-les-detenus-18-02-2025-K6PRHMWXLNGBJH4I5OPV7EMJ64.php\" target=\"_blank\" rel=\"noreferrer nofollow noopener\">Parisien<\/a> Annabelle Bouchet, secr\u00e9taire g\u00e9n\u00e9rale adjointe du syndicat p\u00e9nitentiaire Snepap-FSU. Les ateliers propos\u00e9s sont \u00ab toujours \u00e0 vis\u00e9e socio-\u00e9ducative, afin d\u2019\u00e9viter la r\u00e9cidive \u00bb, avait martel\u00e9 la conseill\u00e8re p\u00e9nitentiaire d\u2019insertion et de probation.<\/p>\n","protected":false},"excerpt":{"rendered":"Tout est parti d\u2019une simple proposition de r\u00e9insertion. Le service m\u00e9dico-psychologique r\u00e9gional (SMPR) de la prison de Rennes-Vezin&hellip;\n","protected":false},"author":2,"featured_media":301668,"comment_status":"","ping_status":"","sticky":false,"template":"","format":"standard","meta":{"footnotes":""},"categories":[2821],"tags":[1111,11,829,459,1777,674,118,1011,27,12,584,25],"class_list":{"0":"post-301667","1":"post","2":"type-post","3":"status-publish","4":"format-standard","5":"has-post-thumbnail","7":"category-rennes","8":"tag-actu","9":"tag-actualites","10":"tag-bretagne","11":"tag-departements-horsidfo","12":"tag-eu","13":"tag-europe","14":"tag-faits-divers","15":"tag-fr","16":"tag-france","17":"tag-news","18":"tag-rennes","19":"tag-republique-francaise"},"share_on_mastodon":{"url":"https:\/\/pubeurope.com\/@fr\/114984930699924753","error":""},"_links":{"self":[{"href":"https:\/\/www.europesays.com\/fr\/wp-json\/wp\/v2\/posts\/301667","targetHints":{"allow":["GET"]}}],"collection":[{"href":"https:\/\/www.europesays.com\/fr\/wp-json\/wp\/v2\/posts"}],"about":[{"href":"https:\/\/www.europesays.com\/fr\/wp-json\/wp\/v2\/types\/post"}],"author":[{"embeddable":true,"href":"https:\/\/www.europesays.com\/fr\/wp-json\/wp\/v2\/users\/2"}],"replies":[{"embeddable":true,"href":"https:\/\/www.europesays.com\/fr\/wp-json\/wp\/v2\/comments?post=301667"}],"version-history":[{"count":0,"href":"https:\/\/www.europesays.com\/fr\/wp-json\/wp\/v2\/posts\/301667\/revisions"}],"wp:featuredmedia":[{"embeddable":true,"href":"https:\/\/www.europesays.com\/fr\/wp-json\/wp\/v2\/media\/301668"}],"wp:attachment":[{"href":"https:\/\/www.europesays.com\/fr\/wp-json\/wp\/v2\/media?parent=301667"}],"wp:term":[{"taxonomy":"category","embeddable":true,"href":"https:\/\/www.europesays.com\/fr\/wp-json\/wp\/v2\/categories?post=301667"},{"taxonomy":"post_tag","embeddable":true,"href":"https:\/\/www.europesays.com\/fr\/wp-json\/wp\/v2\/tags?post=301667"}],"curies":[{"name":"wp","href":"https:\/\/api.w.org\/{rel}","templated":true}]}}