{"id":301677,"date":"2025-08-07T01:46:13","date_gmt":"2025-08-07T01:46:13","guid":{"rendered":"https:\/\/www.europesays.com\/fr\/301677\/"},"modified":"2025-08-07T01:46:13","modified_gmt":"2025-08-07T01:46:13","slug":"a-bordeaux-le-centre-ville-a-lepoque-de-victor-hugo-pour-le-tournage-du-nouveau-film-les-miserables","status":"publish","type":"post","link":"https:\/\/www.europesays.com\/fr\/301677\/","title":{"rendered":"\u00c0 Bordeaux, le centre-ville \u00e0 l\u2019\u00e9poque de Victor Hugo pour le tournage du nouveau film Les Mis\u00e9rables"},"content":{"rendered":"<p>Le c\u00e9l\u00e8bre roman va \u00eatre de nouveau adapt\u00e9 en film, cette fois par le r\u00e9alisateur et sc\u00e9nariste fran\u00e7ais Fred Cavay\u00e9. Depuis le 21 juillet, des sc\u00e8nes sont tourn\u00e9es dans le centre-ville, attirant la curiosit\u00e9 des passants.<\/p>\n<p class=\"fig-paragraph\">\u00abC\u2019est une nouvelle s\u00e9rie\u00a0?\u00bb, \u00abC\u2019est pour une pub\u00a0?\u00bb, \u00abRegarde leurs costumes\u00a0!\u00bb&#8230; Nombreux sont ceux qui s\u2019interrogent face aux com\u00e9diens d\u00e9guis\u00e9s en personnages du XIXe si\u00e8cle dans le centre-ville de\u00a0<a href=\"https:\/\/www.lefigaro.fr\/bordeaux\/pres-de-bordeaux-des-jeunes-s-introduisent-dans-une-piscine-municipale-en-pleine-nuit-et-defequent-dans-les-bassins-20250805?msockid=258c4318a154643d05395665a0ed65f9\" target=\"_blank\" data-fig-type=\"NewsFlash\" rel=\"sponsored noopener\" data-gtm-custom-categorie=\"navigation\" data-gtm-custom-action=\"crossclick\" data-gtm-custom-label=\"Contextuel\" data-gtm-event=\"customEventSPE\" data-fig-domain=\"LEFIGARO\">Bordeaux<\/a>.<\/p>\n<p class=\"fig-paragraph\">Depuis le 21\u202fjuillet 2025, le port de la Lune vit au rythme du tournage de la nouvelle adaptation du roman\u00a0<a href=\"https:\/\/video.lefigaro.fr\/figarotv\/video\/les-miserables-de-victor-hugo\/\" target=\"_blank\" data-fig-type=\"Video\" rel=\"sponsored noopener\" data-gtm-custom-categorie=\"navigation\" data-gtm-custom-action=\"crossclick\" data-gtm-custom-label=\"Contextuel\" data-gtm-event=\"customEventSPE\" data-fig-domain=\"VIDEO\">Les Mis\u00e9rables<\/a>, r\u00e9alis\u00e9e par Fred Cavay\u00e9. Pendant un mois, la cit\u00e9 girondine et la petite ville voisine de Saint\u2011Macaire se transforment en rues du Paris de Victor Hugo, dans une fresque ambitieuse port\u00e9e par\u00a0<a href=\"https:\/\/www.lefigaro.fr\/cinema\/le-monde-de-la-culture-s-est-terriblement-embourgeoise-denonce-vincent-lindon-20250117?msockid=258c4318a154643d05395665a0ed65f9\" target=\"_blank\" data-fig-type=\"NewsFlash\" rel=\"sponsored noopener\" data-gtm-custom-categorie=\"navigation\" data-gtm-custom-action=\"crossclick\" data-gtm-custom-label=\"Contextuel\" data-gtm-event=\"customEventSPE\" data-fig-domain=\"LEFIGARO\">Vincent Lindon<\/a>\u00a0(qui incarne Jean Valjean), Tahar Rahim, Camille Cottin, No\u00e9mie Merlant ou encore Vassili Schneider. Ce mercredi 6 ao\u00fbt, les rues qui entourent la cour Mably sont interdites aux Bordelais\u00a0: \u00abTournage, film d\u2019\u00e9poque\u00bb, peut-on lire sur les panneaux install\u00e9s.<\/p>\n<p>                                    <a class=\"fig-a11y-skip a11y-hidden\" href=\"#fig-a11y-skip-main-inarticle\"><br \/>\n        Passer la publicit\u00e9<br \/>\n    <\/a><\/p>\n<p>1500 figurants issus de la r\u00e9gion<\/p>\n<p class=\"fig-paragraph\">La production a recrut\u00e9 1500 figurants, issus de Bordeaux et de sa r\u00e9gion, pour incarner la foule du XIXe si\u00e8cle. Pr\u00e8s de 2000 costumes ont \u00e9t\u00e9 cr\u00e9\u00e9s pour l\u2019occasion. \u00abJ\u2019habite la r\u00e9gion et j\u2019ai \u00e9t\u00e9 s\u00e9lectionn\u00e9 par la directrice de Casting. Je fais partie des insurg\u00e9s et nous allons jouer la sc\u00e8ne de l\u2019insurrection de 1832. C\u2019est tr\u00e8s physique, notamment avec la chaleur, mais tout se d\u00e9roule dans une super ambiance\u00bb, nous raconte l\u2019une des figurantes.<\/p>\n<p class=\"fig-paragraph\">Au c\u0153ur du centre-ville, des d\u00e9cors d\u2019\u00e9poque ont \u00e9t\u00e9 install\u00e9s avec des fa\u00e7ades anciennes transform\u00e9es et des devantures historiques recr\u00e9\u00e9es, comme l\u2019embl\u00e9matique \u00abRestaurant Rousseau\u00bb du roman, install\u00e9 pour l\u2019occasion sur la place du Chapelet.<\/p>\n<p class=\"fig-paragraph\">Le tournage va durer jusqu\u2019au 21 ao\u00fbt. La date de sortie en salles est programm\u00e9e pour le 11 novembre\u202f2026.<\/p>\n","protected":false},"excerpt":{"rendered":"Le c\u00e9l\u00e8bre roman va \u00eatre de nouveau adapt\u00e9 en film, cette fois par le r\u00e9alisateur et sc\u00e9nariste fran\u00e7ais&hellip;\n","protected":false},"author":2,"featured_media":301678,"comment_status":"","ping_status":"","sticky":false,"template":"","format":"standard","meta":{"footnotes":""},"categories":[2817],"tags":[1111,11,1997,1777,674,2081,1011,27,16370,12,2219,25,6265],"class_list":{"0":"post-301677","1":"post","2":"type-post","3":"status-publish","4":"format-standard","5":"has-post-thumbnail","7":"category-bordeaux","8":"tag-actu","9":"tag-actualites","10":"tag-bordeaux","11":"tag-eu","12":"tag-europe","13":"tag-film","14":"tag-fr","15":"tag-france","16":"tag-les-miserables","17":"tag-news","18":"tag-nouvelle-aquitaine","19":"tag-republique-francaise","20":"tag-tournage"},"share_on_mastodon":{"url":"https:\/\/pubeurope.com\/@fr\/114984962256410991","error":""},"_links":{"self":[{"href":"https:\/\/www.europesays.com\/fr\/wp-json\/wp\/v2\/posts\/301677","targetHints":{"allow":["GET"]}}],"collection":[{"href":"https:\/\/www.europesays.com\/fr\/wp-json\/wp\/v2\/posts"}],"about":[{"href":"https:\/\/www.europesays.com\/fr\/wp-json\/wp\/v2\/types\/post"}],"author":[{"embeddable":true,"href":"https:\/\/www.europesays.com\/fr\/wp-json\/wp\/v2\/users\/2"}],"replies":[{"embeddable":true,"href":"https:\/\/www.europesays.com\/fr\/wp-json\/wp\/v2\/comments?post=301677"}],"version-history":[{"count":0,"href":"https:\/\/www.europesays.com\/fr\/wp-json\/wp\/v2\/posts\/301677\/revisions"}],"wp:featuredmedia":[{"embeddable":true,"href":"https:\/\/www.europesays.com\/fr\/wp-json\/wp\/v2\/media\/301678"}],"wp:attachment":[{"href":"https:\/\/www.europesays.com\/fr\/wp-json\/wp\/v2\/media?parent=301677"}],"wp:term":[{"taxonomy":"category","embeddable":true,"href":"https:\/\/www.europesays.com\/fr\/wp-json\/wp\/v2\/categories?post=301677"},{"taxonomy":"post_tag","embeddable":true,"href":"https:\/\/www.europesays.com\/fr\/wp-json\/wp\/v2\/tags?post=301677"}],"curies":[{"name":"wp","href":"https:\/\/api.w.org\/{rel}","templated":true}]}}