{"id":301694,"date":"2025-08-07T01:55:26","date_gmt":"2025-08-07T01:55:26","guid":{"rendered":"https:\/\/www.europesays.com\/fr\/301694\/"},"modified":"2025-08-07T01:55:26","modified_gmt":"2025-08-07T01:55:26","slug":"les-meilleures-patinoires-a-tester-absolument-a-paris-et-en-ile-de-france","status":"publish","type":"post","link":"https:\/\/www.europesays.com\/fr\/301694\/","title":{"rendered":"les meilleures patinoires \u00e0 tester absolument \u00e0 Paris et en \u00cele-de-France"},"content":{"rendered":"<p>            Par<br \/>\n        <strong><br \/>\n            <a href=\"https:\/\/actu.fr\/auteur\/thibault-nadal-actu-fr\" title=\"Consulter tous les articles de Thibault Nadal\" target=\"_blank\" rel=\"noopener\">Thibault Nadal<\/a><br \/>\n        <\/strong><\/p>\n<p>        Publi\u00e9 le<\/p>\n<p>            21 d\u00e9c. 2024 \u00e0 16h02        <\/p>\n<p>C\u2019est s\u00fbrement l\u2019activit\u00e9 phare pour se d\u00e9tendre en cette p\u00e9riode de <a href=\"https:\/\/actu.fr\/tag\/noel\" target=\"_blank\" rel=\"noopener\">No\u00ebl<\/a> et de<a href=\"https:\/\/actu.fr\/tag\/vacances-scolaires\" target=\"_blank\" rel=\"noopener\"> vacances scolaires<\/a>\u2009: la patinoire.<strong> En ext\u00e9rieur ou en int\u00e9rieur<\/strong> pour <a href=\"https:\/\/actu.fr\/ile-de-france\/paris_75056\/meteo-a-paris-et-en-ile-de-france-les-premiers-jours-des-vacances-de-noel-seront-doux-mais-pluvieux_62024352.html\" target=\"_blank\" rel=\"noopener\">\u00e9viter la pluie annonc\u00e9e ces prochains jours<\/a>, actu Paris a s\u00e9lectionn\u00e9 plusieurs lieux dans <a href=\"https:\/\/actu.fr\/paris\/\" target=\"_blank\" rel=\"noopener\">la capitale<\/a> et en <a href=\"https:\/\/actu.fr\/ile-de-france\/\" target=\"_blank\" rel=\"noopener\">\u00cele-de-France<\/a> pour chausser les patins et vivre un moment f\u00e9\u00e9rique.<\/p>\n<p>La magie du Grand Palais<\/p>\n<p class=\" wall-content\">Apr\u00e8s <a href=\"https:\/\/actu.fr\/ile-de-france\/paris_75056\/apres-5-ans-d-absence-la-patinoire-iconique-du-grand-palais-est-de-retour-la-billetterie-ouvre-aujourd-hui_61862129.html\" target=\"_blank\" rel=\"noopener\">cinq ans de travaux<\/a>, y p\u00e9n\u00e9trer rel\u00e8ve du parcours du combattant, mais \u00e0 en croire les visiteurs, <a href=\"https:\/\/actu.fr\/ile-de-france\/paris_75056\/c-est-feerique-a-paris-le-retour-de-l-immense-patinoire-du-grand-palais-charme-les-visiteurs_62003229.html\" target=\"_blank\" rel=\"noopener\">cette attente est vite oubli\u00e9e sur les 3000m2 de glace<\/a>.<\/p>\n<p class=\" wall-content\">Install\u00e9e dans le Grand Palais (8e) \u00e0 deux pas des <a href=\"https:\/\/www.google.com\/search?q=champs+%C3%A9lys%C3%A9es+actu.fr&amp;sca_esv=25db03e20fe2a1e6&amp;rlz=1C1GCEA_enFR1124FR1124&amp;sxsrf=ADLYWIKRV0rVTDcsi6FKQhqJJg2-jsLJBg%3A1734780711580&amp;ei=J6dmZ86PI46dkdUPzMry4AI&amp;oq=champs+%C3%A9l&amp;gs_lp=Egxnd3Mtd2l6LXNlcnAiCmNoYW1wcyDDqWwqAggAMgcQIxiwAxgnMgcQIxiwAxgnMgcQIxiwAxgnMgoQABiwAxjWBBhHMgoQABiwAxjWBBhHMgoQABiwAxjWBBhHMgoQABiwAxjWBBhHMgoQABiwAxjWBBhHMgoQABiwAxjWBBhHMgoQABiwAxjWBBhHSO0EUABYAHABeAGQAQCYAQCgAQCqAQC4AQHIAQCYAgGgAgaYAwCIBgGQBgqSBwExoAcA&amp;sclient=gws-wiz-serp\" target=\"_blank\" rel=\"noopener\">Champs-\u00c9lys\u00e9es<\/a>, la plus grande patinoire indoor de la capitale b\u00e9n\u00e9ficie d\u2019un tas d\u2019autres activit\u00e9s\u2009: nourriture, maquillage, etc. Elle fermera ses portes le 8\u00a0janvier 2025.<\/p>\n<p>Ouvert tous les jours de 10 \u00e0 2\u00a0heures du matin.<br \/>Session du matin (10-13h)\u2009: 25\u00a0euros pour les adultes et 15\u00a0euros pour les enfants.<br \/>Session de l\u2019apr\u00e8s-midi (14-19h)\u2009: 30\u00a0euros pour les adultes et 18\u00a0euros pour les enfants. Nocturne\u2009: 36\u00a0euros.<br \/>R\u00e9servation obligatoire.<\/p>\n<p>    <img   decoding=\"async\" loading=\"lazy\" src=\"https:\/\/www.europesays.com\/fr\/wp-content\/uploads\/2025\/08\/paris-grand-palais-patinoire-23-960x640.jpg\" alt=\"Sous la sublime verri\u00e8re du Grand Palais, les patineurs red\u00e9couvrent la patinoire ferm\u00e9e pour travaux durant pr\u00e8s de cinq ans. \" width=\"960\" height=\"640\"\/><br \/>\n    Sous la sublime verri\u00e8re du Grand Palais, les patineurs red\u00e9couvrent la patinoire ferm\u00e9e pour travaux durant pr\u00e8s de cinq ans. (\u00a9AG\/ actu Paris)La plus grande patinoire du 15e<\/p>\n<p class=\" wall-content\">Pour les courageux qui veulent braver le froid et la pluie, le parc Andr\u00e9 Citro\u00ebn dans le 15e arrondissement accueille <strong>la plus grande patinoire en ext\u00e9rieur<\/strong> de Paris.<\/p>\n<p class=\" wall-content\">Gr\u00e2ce \u00e0 <strong>une surface de 450\u00a0m2<\/strong> et \u00e0 une journ\u00e9e divis\u00e9e en plusieurs temps, le lieu esp\u00e8re s\u00e9duire les plus jeunes, mais aussi les plus \u00e2g\u00e9s.<\/p>\n<p class=\" wall-content\">\n<p>Ouvert de 10h \u00e0 21h30.<br \/>\nPrix\u2009: 11\u00a0euros pour les adultes et 8\u00a0euros pour les enfants.<br \/>\nR\u00e9servations sur <a href=\"https:\/\/patinsenfolie.com\/\" target=\"_blank\" rel=\"noopener\">patinsenfolie.com<\/a>.March\u00e9 de No\u00ebl La D\u00e9fense<\/p>\n<p class=\" wall-content\">La D\u00e9fense vous offre la possibilit\u00e9 de patiner jusqu\u2019au 5\u00a0janvier sous la Grande Arche et \u00e0 proximit\u00e9 du <a href=\"https:\/\/actu.fr\/ile-de-france\/puteaux_92062\/patinoire-geante-250-chalets-illuminations-le-plus-grand-marche-de-noel-d-ile-de-france-a-ouvert-ses-portes_61865522.html\" target=\"_blank\" rel=\"noopener\">plus grand march\u00e9 de No\u00ebl<\/a> des <a href=\"https:\/\/actu.fr\/ile-de-france\/hauts-de-seine_92\" target=\"_blank\" rel=\"noopener\">Hauts-de-Seine<\/a> et de la r\u00e9gion gr\u00e2ce \u00e0 \u00ab\u2009une patinoire de glace naturelle de 450\u00a0m2\u2009\u00bb.<\/p>\n<blockquote class=\"tiktok-embed\" cite=\"https:\/\/www.tiktok.com\/@parisladefense\/video\/7441133712441445664\" data-video-id=\"7441133712441445664\" data-embed-from=\"oembed\" style=\"max-width:605px; min-width:325px;\"><p>\n<a target=\"_blank\" title=\"@parisladefense\" href=\"https:\/\/www.tiktok.com\/@parisladefense?refer=embed\" rel=\"noopener\">@parisladefense<\/a> <\/p>\n<p>Du 22 novembre au 5 janvier, une patinoire de glace naturelle de 450 m\u00b2 vous attend au pied de la Grande Arche. \u26f8\ufe0f\ud83c\udf84 \u00a0 Amateurs de glisse ou simples curieux, venez partager des moments inoubliables en famille ou entre amis. Dansez, tournez, et laissez-vous emporter par la f\u00e9\u00e9rie de No\u00ebl au c\u0153ur du Parvis. \ud83e\udd29\u2728 \ud83d\udccdAu pied de la Grande Arche\u00a0 \ud83d\udd62 Du dimanche au jeudi jusqu\u2019\u00e0 21h, jusqu\u2019\u00e0 22h les vendredis et samedis. \ud83d\udd38 Entr\u00e9e payante \ud83e\udde4 Gants obligatoires pour la s\u00e9curit\u00e9 de tous.  @xmasparisladefense <a title=\"ladefense\" target=\"_blank\" href=\"https:\/\/www.tiktok.com\/tag\/ladefense?refer=embed\" rel=\"noopener\">#ladefense<\/a> <a title=\"parisladefense\" target=\"_blank\" href=\"https:\/\/www.tiktok.com\/tag\/parisladefense?refer=embed\" rel=\"noopener\">#parisladefense<\/a> <a title=\"marchedenoel\" target=\"_blank\" href=\"https:\/\/www.tiktok.com\/tag\/marchedenoel?refer=embed\" rel=\"noopener\">#marchedenoel<\/a> <a title=\"paris\" target=\"_blank\" href=\"https:\/\/www.tiktok.com\/tag\/paris?refer=embed\" rel=\"noopener\">#paris<\/a> <a title=\"patinoire\" target=\"_blank\" href=\"https:\/\/www.tiktok.com\/tag\/patinoire?refer=embed\" rel=\"noopener\">#patinoire<\/a> <\/p>\n<p> <a target=\"_blank\" title=\"\u266c son original - Paris La D\u00e9fense\" href=\"https:\/\/www.tiktok.com\/music\/son-original-7441133799164627745?refer=embed\" rel=\"noopener\">\u266c son original \u2013 Paris La D\u00e9fense<\/a> <\/p>\n<\/blockquote>\n<p>Du 22\u00a0d\u00e9cembre au 5\u00a0janvier, ouverture du dimanche au jeudi de 11h \u00e0 21h. Le vendredi, de 11h \u00e0 22h et le samedi de 10h \u00e0 22h.<br \/>10\u00a0euros pour les\u00a0adultes et 5\u00a0euros pour les\u00a0enfants de moins de 13\u00a0ans.<\/p>\n<p>\u00c0 Vincennes, visite du ch\u00e2teau et march\u00e9 de No\u00ebl<\/p>\n<p class=\" wall-content\">Avec son ch\u00e2teau \u00e0 proximit\u00e9, <a href=\"https:\/\/actu.fr\/ile-de-france\/vincennes_94080\" target=\"_blank\" rel=\"noopener\">Vincennes<\/a> (<a href=\"https:\/\/actu.fr\/ile-de-france\/val-de-marne_94\" target=\"_blank\" rel=\"noopener\">Val-de-Marne<\/a>) offre un autre d\u00e9cor pour s\u2019exercer et\/ou s\u2019amuser sur la glace durant les vacances. Situ\u00e9e sur l\u2019esplanade de l\u2019H\u00f4tel de Ville, la patinoire vous accueille jusqu\u2019au 5\u00a0janvier \u00e9galement.<\/p>\n<p>    <a href=\"https:\/\/www.facebook.com\/plugins\/post.php?href=https%3A%2F%2Fwww.facebook.com%2Fidfutees%2Fposts%2Fpfbid034g7QsSP2qbKyqDTwnG39jtTV7UgCrsDgspck1iAFRje9zLdPjNyG1weXe1dZ3Pqel&amp;show_text=true&amp;width=350\" title=\"Ouvrie le lien\" target=\"_blank\" rel=\"noopener\">Cliquez ici pour visualiser le contenu<\/a><\/p>\n<p>Ouvert du lundi au vendredi de 9h30 \u00e0 13h et de 14h30 \u00e0 20h30. Le week-end de 9h30 \u00e0 20h30 sans interruption.<br \/>\nPrix\u2009: 7\u00a0euros pour\u2009les\u00a0plus de six ans, cinq euros pour les moins de six ans.<br \/>\nR\u00e9servation conseill\u00e9e sur <a href=\"https:\/\/vincennes.francepatinoire.fr\/produit\/entree-2\/\" target=\"_blank\" rel=\"noopener\">le site<\/a>.La douceur du march\u00e9 de No\u00ebl de Saint-Denis<\/p>\n<p class=\" wall-content\">Sur le parvis de la Basilique place Victor Hugo, la ville de <a href=\"https:\/\/actu.fr\/ile-de-france\/saint-denis_93066\" target=\"_blank\" rel=\"noopener\">Saint-Denis<\/a> (<a href=\"https:\/\/actu.fr\/ile-de-france\/seine-saint-denis_93\" target=\"_blank\" rel=\"noopener\">Seine-Saint-Denis<\/a>) accueille ses habitants jusqu\u2019au 5\u00a0janvier prochain dans deux patinoires\u2009: une pour les\u2009plus de huit ans et une autre pour les plus petits. Cette deuxi\u00e8me est situ\u00e9e place Jean Jaur\u00e8s.<\/p>\n<p>    <a href=\"https:\/\/www.facebook.com\/plugins\/post.php?href=https%3A%2F%2Fwww.facebook.com%2FVilleSaintDenis%2Fposts%2Fpfbid02QFEymxMZuYgs5NXFcDdQkcFyu1BKJtd5HYqSxnwyCZ1FFzCxMLcRbJciJFJRc972l&amp;show_text=true&amp;width=350\" title=\"Ouvrie le lien\" target=\"_blank\" rel=\"noopener\">Cliquez ici pour visualiser le contenu<\/a><\/p>\n<p>Ouverture de 9h30 \u00e0 19h tous les jours.<br \/>\nPrix\u2009: deux euros. Uniquement en esp\u00e8ces sur place.<br \/>\nR\u00e9servation obligatoire sur <a href=\"https:\/\/my.weezevent.com\/destination-bel-hiver-patinoire-hotel-de-ville-2024\" target=\"_blank\" rel=\"noopener\">le site de la ville<\/a>.<\/p>\n<p class=\" wall-content\">Suivez toute l\u2019actualit\u00e9 de vos villes et m\u00e9dias favoris en vous inscrivant \u00e0 <a href=\"https:\/\/moncompte.actu.fr\" title=\"D\u00e9couvez Mon Actu\" rel=\"nofollow noopener\" data-trk=\"{&quot;cta&quot;:{&quot;action&quot;:&quot;https:\\\/\\\/moncompte.actu.fr&quot;,&quot;category&quot;:&quot;mon compte&quot;,&quot;from&quot;:&quot;article footer&quot;,&quot;name&quot;:&quot;Mon actu&quot;,&quot;type&quot;:&quot;cta&quot;}}\" target=\"_blank\">Mon Actu<\/a>.<\/p>\n<ul class=\"ac-article-tag wall-content\">\n<li><a href=\"https:\/\/actu.fr\/tag\/noel\" data-trk=\"{&quot;cta&quot;:{&quot;action&quot;:&quot;No\\u00ebl&quot;,&quot;category&quot;:&quot;tag&quot;,&quot;from&quot;:&quot;article footer&quot;,&quot;name&quot;:&quot;No\\u00ebl&quot;,&quot;type&quot;:&quot;cta&quot;}}\" target=\"_blank\" rel=\"noopener\">#No\u00ebl<\/a><\/li>\n<li><a href=\"https:\/\/actu.fr\/tag\/vacances-scolaires\" data-trk=\"{&quot;cta&quot;:{&quot;action&quot;:&quot;Vacances scolaires&quot;,&quot;category&quot;:&quot;tag&quot;,&quot;from&quot;:&quot;article footer&quot;,&quot;name&quot;:&quot;Vacances scolaires&quot;,&quot;type&quot;:&quot;cta&quot;}}\" target=\"_blank\" rel=\"noopener\">#Vacances scolaires<\/a><\/li>\n<\/ul>\n<p>                    <script async src=\"\/\/www.tiktok.com\/embed.js\"><\/script><\/p>\n","protected":false},"excerpt":{"rendered":"Par Thibault Nadal Publi\u00e9 le 21 d\u00e9c. 2024 \u00e0 16h02 C\u2019est s\u00fbrement l\u2019activit\u00e9 phare pour se d\u00e9tendre en&hellip;\n","protected":false},"author":2,"featured_media":301695,"comment_status":"","ping_status":"","sticky":false,"template":"","format":"standard","meta":{"footnotes":""},"categories":[1592],"tags":[1111,11,1777,674,3727,1011,27,662,1652,12,15830,626,25,3176],"class_list":{"0":"post-301694","1":"post","2":"type-post","3":"status-publish","4":"format-standard","5":"has-post-thumbnail","7":"category-ile-de-france","8":"tag-actu","9":"tag-actualites","10":"tag-eu","11":"tag-europe","12":"tag-evasion","13":"tag-fr","14":"tag-france","15":"tag-ile-de-france","16":"tag-loisirs-culture","17":"tag-news","18":"tag-noel","19":"tag-paris","20":"tag-republique-francaise","21":"tag-vacances-scolaires"},"share_on_mastodon":{"url":"https:\/\/pubeurope.com\/@fr\/114984997580497715","error":""},"_links":{"self":[{"href":"https:\/\/www.europesays.com\/fr\/wp-json\/wp\/v2\/posts\/301694","targetHints":{"allow":["GET"]}}],"collection":[{"href":"https:\/\/www.europesays.com\/fr\/wp-json\/wp\/v2\/posts"}],"about":[{"href":"https:\/\/www.europesays.com\/fr\/wp-json\/wp\/v2\/types\/post"}],"author":[{"embeddable":true,"href":"https:\/\/www.europesays.com\/fr\/wp-json\/wp\/v2\/users\/2"}],"replies":[{"embeddable":true,"href":"https:\/\/www.europesays.com\/fr\/wp-json\/wp\/v2\/comments?post=301694"}],"version-history":[{"count":0,"href":"https:\/\/www.europesays.com\/fr\/wp-json\/wp\/v2\/posts\/301694\/revisions"}],"wp:featuredmedia":[{"embeddable":true,"href":"https:\/\/www.europesays.com\/fr\/wp-json\/wp\/v2\/media\/301695"}],"wp:attachment":[{"href":"https:\/\/www.europesays.com\/fr\/wp-json\/wp\/v2\/media?parent=301694"}],"wp:term":[{"taxonomy":"category","embeddable":true,"href":"https:\/\/www.europesays.com\/fr\/wp-json\/wp\/v2\/categories?post=301694"},{"taxonomy":"post_tag","embeddable":true,"href":"https:\/\/www.europesays.com\/fr\/wp-json\/wp\/v2\/tags?post=301694"}],"curies":[{"name":"wp","href":"https:\/\/api.w.org\/{rel}","templated":true}]}}