{"id":301696,"date":"2025-08-07T01:57:12","date_gmt":"2025-08-07T01:57:12","guid":{"rendered":"https:\/\/www.europesays.com\/fr\/301696\/"},"modified":"2025-08-07T01:57:12","modified_gmt":"2025-08-07T01:57:12","slug":"a-luniversite-americaine-stanford-les-coupes-de-donald-trump-provoquent-la-suppression-de-plus-de-360-postes","status":"publish","type":"post","link":"https:\/\/www.europesays.com\/fr\/301696\/","title":{"rendered":"A l&rsquo;universit\u00e9 am\u00e9ricaine Stanford, les coupes de Donald Trump provoquent la suppression de plus de 360 postes"},"content":{"rendered":"<p class=\"c-chapo \">\n  Ces mesures ont \u00e9t\u00e9 motiv\u00e9es par un \u00ab\u00a0contexte budg\u00e9taire difficile largement influenc\u00e9 par les changements de politique f\u00e9d\u00e9rale affectant l&rsquo;enseignement sup\u00e9rieur\u00a0\u00bb, a expliqu\u00e9 la direction de l&rsquo;\u00e9tablissement.\n<\/p>\n<p>            lire plus tard<\/p>\n<p id=\"dialog__title\" class=\"dialog__title\">Pour sauvegarder cet article, connectez-vous ou cr\u00e9ez un compte franceinfo<\/p>\n<p class=\"dialog__description\">Sans paiement. Sans abonnement.<\/p>\n<p>        Fermer la fen\u00eatre d\u2019activation des notifications France Info<\/p>\n<p>            cr\u00e9er votre compte<\/p>\n<p>            se connecter<\/p>\n<p>        Fermer la fen\u00eatre de pr\u00e9sentation<\/p>\n<p>    <img loading=\"lazy\" decoding=\"async\" class=\"signature__image lazyload\" width=\"100\" height=\"100\" data- alt=\"\" src=\"https:\/\/www.europesays.com\/fr\/wp-content\/uploads\/2025\/05\/64a68815cd1a7_placeholder-36b69ec8.png\"\/><\/p>\n<p>    Publi\u00e9 le 06\/08\/2025 23:11<\/p>\n<p>        Temps de lecture : 1min<\/p>\n<p>    <img decoding=\"async\"  alt=\"Le campus de l'universit\u00e9 de Stanford, le 28\u00a0mars\u00a02025, en Californie, aux Etats-Unis. (JUSTIN SULLIVAN \/ GETTY IMAGES NORTH AMERICA \/ AFP)\" width=\"432\" height=\"243\" src=\"https:\/\/www.europesays.com\/fr\/wp-content\/uploads\/2025\/08\/063-2207387563-6893c4b839121429638818.jpg\" fetchpriority=\"high\"\/><\/p>\n<p>      Le campus de l&rsquo;universit\u00e9 de Stanford, le 28\u00a0mars\u00a02025, en Californie, aux Etats-Unis. (JUSTIN SULLIVAN \/ GETTY IMAGES NORTH AMERICA \/ AFP)<\/p>\n<p>Un nouvel \u00e9tablissement prestigieux affaibli. La prestigieuse universit\u00e9 am\u00e9ricaine Stanford a annonc\u00e9, mercredi 6 ao\u00fbt, qu&rsquo;elle supprimait plus de 360 postes en raison des coupes budg\u00e9taires <a href=\"https:\/\/www.franceinfo.fr\/monde\/usa\/presidentielle\/donald-trump\/elon-musk-et-ses-doge-kids-ce-que-l-on-sait-du-departement-de-l-efficacite-gouvernementale-qui-taille-dans-le-budget-de-l-administration-americaine_7060475.html\" rel=\"nofollow noopener\" target=\"_blank\">drastiques d\u00e9cid\u00e9es par le gouvernement de Donald Trump<\/a>, qui s&rsquo;est lanc\u00e9 dans une offensive contre les institutions universitaires qu&rsquo;il juge trop progressistes.<\/p>\n<p>La direction de l&rsquo;universit\u00e9 a fait part aux autorit\u00e9s californiennes fin juillet de son projet de suppression de 363 postes. Il s&rsquo;agit de la derni\u00e8re grande universit\u00e9 am\u00e9ricaine en date \u00e0 proc\u00e9der \u00e0 des licenciements du fait des d\u00e9cisions de la Maison Blanche, <a href=\"https:\/\/www.franceinfo.fr\/sciences\/attaques-contre-la-science-aux-etats-unis-l-universite-d-aix-marseille-accueillera-de-premiers-chercheurs-americains-debut-juin_7194678.html\" rel=\"nofollow noopener\" target=\"_blank\">apr\u00e8s Harvard, Columbia ou encore Johns Hopkins<\/a>.<\/p>\n<p>Ces \u00ab\u00a0mesures difficiles\u00a0\u00bb ont \u00e9t\u00e9 motiv\u00e9es par un \u00ab\u00a0contexte budg\u00e9taire difficile largement influenc\u00e9 par les changements de politique f\u00e9d\u00e9rale affectant l&rsquo;enseignement sup\u00e9rieur\u00a0\u00bb, ont expliqu\u00e9 le pr\u00e9sident et la doyenne de Stanford dans une note au personnel et aux \u00e9tudiants publi\u00e9e sur le site de l&rsquo;universit\u00e9.<\/p>\n<p>Face aux coupes drastiques annonc\u00e9es par le gouvernement de Donald Trump, l&rsquo;universit\u00e9 californienne doit proc\u00e9der \u00e0 une \u00ab\u00a0r\u00e9duction de 140 millions de dollars de son budget g\u00e9n\u00e9ral pour l&rsquo;ann\u00e9e \u00e0 venir\u00a0\u00bb, a encore d\u00e9clar\u00e9 la direction. L&rsquo;universit\u00e9 Stanford employait cette ann\u00e9e plus de 18 000 personnes, selon son site.<\/p>\n<p>Depuis son retour \u00e0 la Maison Blanche, Donald Trump a multipli\u00e9 les annonces chocs visant la communaut\u00e9 universitaire : coupes budg\u00e9taires brutales dans les financements de la recherche, censure de certains sujets&#8230; Face \u00e0 cette situation, un nombre grandissant d&rsquo;\u00e9tudiants, chercheurs et professeurs envisage de quitter les Etats-Unis.<\/p>\n<p class=\"related-tags__title\" role=\"heading\" aria-level=\"2\">les mots-cl\u00e9s associ\u00e9s \u00e0 cet article\n    <\/p>\n","protected":false},"excerpt":{"rendered":"Ces mesures ont \u00e9t\u00e9 motiv\u00e9es par un \u00ab\u00a0contexte budg\u00e9taire difficile largement influenc\u00e9 par les changements de politique f\u00e9d\u00e9rale&hellip;\n","protected":false},"author":2,"featured_media":301697,"comment_status":"","ping_status":"","sticky":false,"template":"","format":"standard","meta":{"footnotes":""},"categories":[1888],"tags":[1111,1928,11,1927,1777,674,1011,27,12,1926,626,1925,25],"class_list":{"0":"post-301696","1":"post","2":"type-post","3":"status-publish","4":"format-standard","5":"has-post-thumbnail","7":"category-paris","8":"tag-actu","9":"tag-actu-paris","10":"tag-actualites","11":"tag-actualites-paris","12":"tag-eu","13":"tag-europe","14":"tag-fr","15":"tag-france","16":"tag-news","17":"tag-news-paris","18":"tag-paris","19":"tag-paris-news","20":"tag-republique-francaise"},"share_on_mastodon":{"url":"https:\/\/pubeurope.com\/@fr\/114985005611196046","error":""},"_links":{"self":[{"href":"https:\/\/www.europesays.com\/fr\/wp-json\/wp\/v2\/posts\/301696","targetHints":{"allow":["GET"]}}],"collection":[{"href":"https:\/\/www.europesays.com\/fr\/wp-json\/wp\/v2\/posts"}],"about":[{"href":"https:\/\/www.europesays.com\/fr\/wp-json\/wp\/v2\/types\/post"}],"author":[{"embeddable":true,"href":"https:\/\/www.europesays.com\/fr\/wp-json\/wp\/v2\/users\/2"}],"replies":[{"embeddable":true,"href":"https:\/\/www.europesays.com\/fr\/wp-json\/wp\/v2\/comments?post=301696"}],"version-history":[{"count":0,"href":"https:\/\/www.europesays.com\/fr\/wp-json\/wp\/v2\/posts\/301696\/revisions"}],"wp:featuredmedia":[{"embeddable":true,"href":"https:\/\/www.europesays.com\/fr\/wp-json\/wp\/v2\/media\/301697"}],"wp:attachment":[{"href":"https:\/\/www.europesays.com\/fr\/wp-json\/wp\/v2\/media?parent=301696"}],"wp:term":[{"taxonomy":"category","embeddable":true,"href":"https:\/\/www.europesays.com\/fr\/wp-json\/wp\/v2\/categories?post=301696"},{"taxonomy":"post_tag","embeddable":true,"href":"https:\/\/www.europesays.com\/fr\/wp-json\/wp\/v2\/tags?post=301696"}],"curies":[{"name":"wp","href":"https:\/\/api.w.org\/{rel}","templated":true}]}}