{"id":301698,"date":"2025-08-07T01:58:15","date_gmt":"2025-08-07T01:58:15","guid":{"rendered":"https:\/\/www.europesays.com\/fr\/301698\/"},"modified":"2025-08-07T01:58:15","modified_gmt":"2025-08-07T01:58:15","slug":"pour-sortir-barcola-du-psg-ce-sera-au-moins-100-me","status":"publish","type":"post","link":"https:\/\/www.europesays.com\/fr\/301698\/","title":{"rendered":"pour sortir Barcola du PSG, ce sera au moins 100 M\u20ac"},"content":{"rendered":"<p>Courtis\u00e9 par Liverpool, l\u2019ailier parisien de 22 ans discute d\u2019une prolongation avec les champions d\u2019Europe.<\/p>\n<p class=\"fig-paragraph\">On parle de Bradley Barcola \u00e0 Liverpool. D\u00e9j\u00e0 \u00e9voqu\u00e9 il y a plusieurs semaines, l\u2019int\u00e9r\u00eat des Reds pour l\u2019ailier international tricolore (14 s\u00e9lections, 2 buts) de 22 ans ne semble pas se d\u00e9mentir. D\u2019apr\u00e8s\u00a0<a href=\"https:\/\/www.lequipe.fr\/Football\/Actualites\/Liverpool-cible-le-parisien-bradley-barcola-et-n-en-a-pas-fini-avec-son-mercato-de-folie\/1583512\" target=\"_blank\" rel=\"sponsored noopener nofollow\" data-gtm-custom-categorie=\"navigation\" data-gtm-custom-action=\"crossclick\" data-gtm-custom-label=\"Contextuel\" data-gtm-event=\"customEventSPE\">L\u2019Equipe<\/a>, le club de la Mersey en pince toujours pour Barcola, d\u00e9cisif \u00e0 42 reprises la saison derni\u00e8re (21 buts, 21 passes d\u00e9cisives).<\/p>\n<p class=\"fig-paragraph\">En fait, il est question de deux pistes \u00e0 gauche, l\u2019ancien Lyonnais et l\u2019international br\u00e9silien (33 s\u00e9lections, 7 buts) du Real Madrid Rodrygo. Et ce m\u00eame si\u00a0<a href=\"http:\/\/www.lefigaro.fr\/sports\/football\/angleterre\/premier-league-liverpool-sacre-champion-d-angleterre-pour-la-20e-fois-record-egale-20250427\" data-fig-type=\"NewsFlash\" data-gtm-custom-categorie=\"navigation\" data-gtm-custom-action=\"crossclick\" data-gtm-custom-label=\"Contextuel\" data-gtm-event=\"customEventSPE\" data-fig-domain=\"LEFIGARO\" rel=\"nofollow noopener\" target=\"_blank\">les champions d\u2019Angleterre<\/a>\u00a0ont d\u00e9j\u00e0 d\u00e9pens\u00e9 sans compter depuis le d\u00e9but du mercato,\u00a0<a href=\"http:\/\/www.lefigaro.fr\/sports\/football\/transferts\/peu-importe-combien-d-argent-les-clubs-se-versent-entre-eux-florian-wirtz-revient-sur-le-montant-de-son-transfert-a-liverpool-20250805\" data-fig-type=\"NewsFlash\" data-gtm-custom-categorie=\"navigation\" data-gtm-custom-action=\"crossclick\" data-gtm-custom-label=\"Contextuel\" data-gtm-event=\"customEventSPE\" data-fig-domain=\"LEFIGARO\" rel=\"nofollow noopener\" target=\"_blank\">attirant Florian Wirtz<\/a>\u00a0(Leverkusen, 125 M\u20ac), H<a href=\"http:\/\/www.lefigaro.fr\/sports\/football\/transferts\/mercato-le-francais-ekitike-a-liverpool-pour-95-millions-d-euros-c-est-fait-20250723\" data-fig-type=\"NewsFlash\" data-gtm-custom-categorie=\"navigation\" data-gtm-custom-action=\"crossclick\" data-gtm-custom-label=\"Contextuel\" data-gtm-event=\"customEventSPE\" data-fig-domain=\"LEFIGARO\" rel=\"nofollow noopener\" target=\"_blank\">ugo Ekitike (Francfort, 95 M\u20ac)<\/a>, Milos Kerkez (Bournemouth, 46,9 M\u20ac) et Jeremie Frimpong (Leverkusen, 40 M\u20ac).\u00a0<a href=\"http:\/\/www.lefigaro.fr\/sports\/football\/transferts\/mercato-newcastle-refuse-une-offre-xxl-de-liverpool-pour-isak-20250801\" data-fig-type=\"NewsFlash\" data-gtm-custom-categorie=\"navigation\" data-gtm-custom-action=\"crossclick\" data-gtm-custom-label=\"Contextuel\" data-gtm-event=\"customEventSPE\" data-fig-domain=\"LEFIGARO\" rel=\"nofollow noopener\" target=\"_blank\">Le tout alors qu\u2019Alexander Isak (Newcastle) est \u00e9galement cibl\u00e9<\/a>\u00a0dans l\u2019axe\u00a0!<\/p>\n<p>                                    <a class=\"fig-a11y-skip a11y-hidden\" href=\"#fig-a11y-skip-main-inarticle\"><br \/>\n        Passer la publicit\u00e9<br \/>\n    <\/a><\/p>\n<p>Recrut\u00e9 pour 50 M\u20ac en 2023<\/p>\n<p class=\"fig-paragraph\">Reste \u00e0 conna\u00eetre la position du Paris-SG. En l\u2019occurrence, le club de la capitale \u00abn\u2019est pour l\u2019instant pas vendeur\u00bb, assure le quotidien sportif, pr\u00e9cisant que Liverpool ne devrait, dans tous les cas, rien esp\u00e9rer \u00e0 moins de 100 M\u20ac. Un prix qui revient du c\u00f4t\u00e9 de la radio\u00a0<a href=\"https:\/\/rmcsport.bfmtv.com\/football\/transferts\/mercato-dans-la-short-list-de-liverpool-barcola-peut-il-quitter-paris-cet-ete_AV-202508060446.html\" target=\"_blank\" rel=\"sponsored noopener nofollow\" data-gtm-custom-categorie=\"navigation\" data-gtm-custom-action=\"crossclick\" data-gtm-custom-label=\"Contextuel\" data-gtm-event=\"customEventSPE\">RMC<\/a> . C\u2019est le double que le montant d\u00e9bours\u00e9 par les Rouge et Bleu, en 2023. Le message est pass\u00e9&#8230;<\/p>\n<p class=\"fig-paragraph\">Arriv\u00e9 avec un statut de doublure et de jeune talent en devenir, apr\u00e8s seulement six mois sur les terrains de Ligue 1 \u00e0 Lyon, Barcola s\u2019est vite impos\u00e9 dans le 11 de d\u00e9part de Luis Enrique en 2023-24. Depuis\u00a0<a href=\"http:\/\/www.lefigaro.fr\/sports\/football\/ligue-des-champions\/star-du-ss-napoli-symbole-en-georgie-qui-est-vraiment-khvicha-kvaratskhelia-l-ailier-du-psg-compare-a-diego-maradona-20250311\" data-fig-type=\"Article\" data-gtm-custom-categorie=\"navigation\" data-gtm-custom-action=\"crossclick\" data-gtm-custom-label=\"Contextuel\" data-gtm-event=\"customEventSPE\" data-fig-domain=\"LEFIGARO\" rel=\"nofollow noopener\" target=\"_blank\">l\u2019arriv\u00e9e de Khvicha Kvaratskhelia<\/a>\u00a0l\u2019hiver dernier et l\u2019\u00e9closion de D\u00e9sir\u00e9 Dou\u00e9, il est en revanche plus souvent cantonn\u00e9 \u00e0 un r\u00f4le de quatri\u00e8me homme au sein de l\u2019attaque parisienne. Un joueur n\u00e9anmoins pr\u00e9cieux, sur lequel Luis Enrique compte et\u2026 qui discute d\u2019une prolongation. \u00c0 voir si les sir\u00e8nes anglaises peuvent \u00eatre de nature \u00e0 faire tourner la t\u00eate de Bradley Barcola\u2026<\/p>\n","protected":false},"excerpt":{"rendered":"Courtis\u00e9 par Liverpool, l\u2019ailier parisien de 22 ans discute d\u2019une prolongation avec les champions d\u2019Europe. On parle de&hellip;\n","protected":false},"author":2,"featured_media":301699,"comment_status":"","ping_status":"","sticky":false,"template":"","format":"standard","meta":{"footnotes":""},"categories":[1888],"tags":[1111,1928,11,1927,1777,674,1011,27,15383,12,1926,626,1925,93,25],"class_list":{"0":"post-301698","1":"post","2":"type-post","3":"status-publish","4":"format-standard","5":"has-post-thumbnail","7":"category-paris","8":"tag-actu","9":"tag-actu-paris","10":"tag-actualites","11":"tag-actualites-paris","12":"tag-eu","13":"tag-europe","14":"tag-fr","15":"tag-france","16":"tag-liverpool-fc","17":"tag-news","18":"tag-news-paris","19":"tag-paris","20":"tag-paris-news","21":"tag-psg","22":"tag-republique-francaise"},"share_on_mastodon":{"url":"https:\/\/pubeurope.com\/@fr\/114985009377800859","error":""},"_links":{"self":[{"href":"https:\/\/www.europesays.com\/fr\/wp-json\/wp\/v2\/posts\/301698","targetHints":{"allow":["GET"]}}],"collection":[{"href":"https:\/\/www.europesays.com\/fr\/wp-json\/wp\/v2\/posts"}],"about":[{"href":"https:\/\/www.europesays.com\/fr\/wp-json\/wp\/v2\/types\/post"}],"author":[{"embeddable":true,"href":"https:\/\/www.europesays.com\/fr\/wp-json\/wp\/v2\/users\/2"}],"replies":[{"embeddable":true,"href":"https:\/\/www.europesays.com\/fr\/wp-json\/wp\/v2\/comments?post=301698"}],"version-history":[{"count":0,"href":"https:\/\/www.europesays.com\/fr\/wp-json\/wp\/v2\/posts\/301698\/revisions"}],"wp:featuredmedia":[{"embeddable":true,"href":"https:\/\/www.europesays.com\/fr\/wp-json\/wp\/v2\/media\/301699"}],"wp:attachment":[{"href":"https:\/\/www.europesays.com\/fr\/wp-json\/wp\/v2\/media?parent=301698"}],"wp:term":[{"taxonomy":"category","embeddable":true,"href":"https:\/\/www.europesays.com\/fr\/wp-json\/wp\/v2\/categories?post=301698"},{"taxonomy":"post_tag","embeddable":true,"href":"https:\/\/www.europesays.com\/fr\/wp-json\/wp\/v2\/tags?post=301698"}],"curies":[{"name":"wp","href":"https:\/\/api.w.org\/{rel}","templated":true}]}}