{"id":301703,"date":"2025-08-07T02:01:10","date_gmt":"2025-08-07T02:01:10","guid":{"rendered":"https:\/\/www.europesays.com\/fr\/301703\/"},"modified":"2025-08-07T02:01:10","modified_gmt":"2025-08-07T02:01:10","slug":"apres-avoir-boude-la-russie-la-syrie-veut-sen-rapprocher-la-nouvelle-tribune","status":"publish","type":"post","link":"https:\/\/www.europesays.com\/fr\/301703\/","title":{"rendered":"Apr\u00e8s avoir boud\u00e9 la Russie, la Syrie veut s\u2019en rapprocher \u2013 La Nouvelle Tribune"},"content":{"rendered":"<p><strong>MOSCOU<\/strong> \u2013 Pour la premi\u00e8re fois depuis la chute de <strong>Bachar al-Assad<\/strong> en d\u00e9cembre dernier, un haut repr\u00e9sentant syrien s\u2019est rendu \u00e0 Moscou il y a quelques jours. Lors de cette visite symbolique, le nouveau chef de la diplomatie de <strong>Syrie<\/strong>, <strong>Assaad al-Chaibani<\/strong>, a exprim\u00e9 le souhait de renforcer les liens avec l\u2019un des alli\u00e9s historiques de Damas : <strong>la Russie<\/strong>.<\/p>\n<p>Un appel \u00e0 la coop\u00e9ration dans un contexte r\u00e9gional instable<\/p>\n<p>La visite intervient dans un climat marqu\u00e9 par une instabilit\u00e9 persistante au Levant. Le ministre syrien a soulign\u00e9 les multiples d\u00e9fis auxquels son pays est confront\u00e9, \u00e9voquant une p\u00e9riode \u00ab\u00a0remplie de menaces\u00a0\u00bb, tout en insistant sur l\u2019opportunit\u00e9 de reb\u00e2tir une Syrie unie et r\u00e9siliente. Pour ce faire, <strong>Damas<\/strong> souhaite pouvoir compter sur le soutien de <strong>Moscou<\/strong>, un partenaire strat\u00e9gique dont le r\u00f4le dans le conflit syrien, notamment entre 2015 et 2023, fut d\u00e9terminant dans le maintien du pr\u00e9c\u00e9dent r\u00e9gime.<\/p>\n<p>Les discussions entre les deux parties n\u2019ont pas encore donn\u00e9 lieu \u00e0 des annonces concr\u00e8tes, mais le ton employ\u00e9 par le chef de la diplomatie syrienne laisse entendre une volont\u00e9 affirm\u00e9e de poursuivre une relation bilat\u00e9rale solide. \u00c0 Moscou, les autorit\u00e9s russes restent cependant prudentes dans leur communication, \u00e9vitant pour l\u2019instant de s\u2019engager publiquement dans une nouvelle dynamique d\u2019alliance avec le pouvoir en place \u00e0 Damas.<\/p>\n<p>Un repositionnement diplomatique syrien sous surveillance<\/p>\n<p>Depuis la disparition politique de <strong>Bachar al-Assad<\/strong>, la <strong>Syrie<\/strong> tente de repositionner sa diplomatie dans un environnement g\u00e9opolitique en recomposition. L\u2019ancien soutien militaire russe, qui avait permis \u00e0 Damas de reprendre plusieurs territoires strat\u00e9giques, reste un levier d\u2019influence que le nouveau gouvernement cherche \u00e0 r\u00e9activer, alors m\u00eame que <strong>la Russie<\/strong> est d\u00e9sormais davantage absorb\u00e9e par ses priorit\u00e9s sur d\u2019autres fronts, notamment en Ukraine et en Asie centrale.<\/p>\n<p>L\u2019appel lanc\u00e9 par <strong>Assaad al-Chaibani<\/strong> \u00e0 Moscou semble ainsi s\u2019inscrire dans une tentative de reconstruire un r\u00e9seau d\u2019alliances dans une r\u00e9gion o\u00f9 les \u00e9quilibres traditionnels ont \u00e9t\u00e9 bouscul\u00e9s. Des puissances comme <strong>l\u2019Iran<\/strong>, <strong>la Turquie<\/strong> ou encore certains \u00c9tats du Golfe jouent \u00e9galement un r\u00f4le croissant dans la red\u00e9finition des rapports de force au Proche-Orient, compliquant les marges de man\u0153uvre de <strong>Damas<\/strong>.<\/p>\n<p>Alors que la situation int\u00e9rieure syrienne reste fragile, avec une \u00e9conomie affaiblie et un tissu social fractur\u00e9, le soutien international appara\u00eet plus que jamais comme un enjeu central pour le r\u00e9gime en place. Reste \u00e0 voir si <strong>la Russie<\/strong>, engag\u00e9e dans une p\u00e9riode de red\u00e9finition de ses propres priorit\u00e9s diplomatiques, r\u00e9pondra favorablement \u00e0 cet appel.<\/p>\n","protected":false},"excerpt":{"rendered":"MOSCOU \u2013 Pour la premi\u00e8re fois depuis la chute de Bachar al-Assad en d\u00e9cembre dernier, un haut repr\u00e9sentant&hellip;\n","protected":false},"author":2,"featured_media":301704,"comment_status":"","ping_status":"","sticky":false,"template":"","format":"standard","meta":{"footnotes":""},"categories":[1591],"tags":[11,1887,12,1885,1886,132],"class_list":{"0":"post-301703","1":"post","2":"type-post","3":"status-publish","4":"format-standard","5":"has-post-thumbnail","7":"category-russie","8":"tag-actualites","9":"tag-federation-de-russie","10":"tag-news","11":"tag-russia","12":"tag-russian-federation","13":"tag-russie"},"share_on_mastodon":{"url":"https:\/\/pubeurope.com\/@fr\/114985021232922470","error":""},"_links":{"self":[{"href":"https:\/\/www.europesays.com\/fr\/wp-json\/wp\/v2\/posts\/301703","targetHints":{"allow":["GET"]}}],"collection":[{"href":"https:\/\/www.europesays.com\/fr\/wp-json\/wp\/v2\/posts"}],"about":[{"href":"https:\/\/www.europesays.com\/fr\/wp-json\/wp\/v2\/types\/post"}],"author":[{"embeddable":true,"href":"https:\/\/www.europesays.com\/fr\/wp-json\/wp\/v2\/users\/2"}],"replies":[{"embeddable":true,"href":"https:\/\/www.europesays.com\/fr\/wp-json\/wp\/v2\/comments?post=301703"}],"version-history":[{"count":0,"href":"https:\/\/www.europesays.com\/fr\/wp-json\/wp\/v2\/posts\/301703\/revisions"}],"wp:featuredmedia":[{"embeddable":true,"href":"https:\/\/www.europesays.com\/fr\/wp-json\/wp\/v2\/media\/301704"}],"wp:attachment":[{"href":"https:\/\/www.europesays.com\/fr\/wp-json\/wp\/v2\/media?parent=301703"}],"wp:term":[{"taxonomy":"category","embeddable":true,"href":"https:\/\/www.europesays.com\/fr\/wp-json\/wp\/v2\/categories?post=301703"},{"taxonomy":"post_tag","embeddable":true,"href":"https:\/\/www.europesays.com\/fr\/wp-json\/wp\/v2\/tags?post=301703"}],"curies":[{"name":"wp","href":"https:\/\/api.w.org\/{rel}","templated":true}]}}