{"id":301707,"date":"2025-08-07T02:03:11","date_gmt":"2025-08-07T02:03:11","guid":{"rendered":"https:\/\/www.europesays.com\/fr\/301707\/"},"modified":"2025-08-07T02:03:11","modified_gmt":"2025-08-07T02:03:11","slug":"usa-la-police-de-limmigration-mene-une-operation-coup-de-poing-pourtant-interdite","status":"publish","type":"post","link":"https:\/\/www.europesays.com\/fr\/301707\/","title":{"rendered":"USA: la police de l&rsquo;immigration m\u00e8ne une op\u00e9ration coup de poing pourtant interdite"},"content":{"rendered":"<p class=\"ap-StoryElement ap-StoryElement--mb ap-StoryText\">Gregory Bovino, le chef de la police aux fronti\u00e8res en Californie, a partag\u00e9 la vid\u00e9o de mercredi avec pour titre \u00ab\u00a0Op\u00e9ration Cheval de Troie\u00a0\u00bb.<\/p>\n<p class=\"ap-StoryElement ap-StoryElement--mb ap-StoryText\">\u00ab\u00a0Il n&rsquo;y a aucun sanctuaire qui \u00e9chappe au gouvernement f\u00e9d\u00e9ral\u00a0\u00bb, s&rsquo;est f\u00e9licit\u00e9 sur X (anciennement Twitter) le procureur g\u00e9n\u00e9ral par int\u00e9rim Bill Essayli, dans un contexte de bras de fer entre l&rsquo;administration Trump et des villes comme Los Angeles, dites sanctuaires parce qu&rsquo;elles limitent leur coop\u00e9ration en mati\u00e8re de lutte contre l&rsquo;immigration.<\/p>\n<p class=\"ap-StoryElement ap-StoryElement--mb ap-StoryText\">Ce raid est survenu apr\u00e8s qu&rsquo;un tribunal f\u00e9d\u00e9ral a ordonn\u00e9 en juillet l&rsquo;arr\u00eat de ce type d&rsquo;op\u00e9rations. Un appel du gouvernement Trump a \u00e9t\u00e9 rejet\u00e9 la semaine derni\u00e8re, les ONG ayant fait valoir que ces op\u00e9rations aboutissent essentiellement \u00e0 l&rsquo;arrestation de personnes en fonction de leur origine ethnique.<\/p>\n<p class=\"ap-StoryElement ap-StoryElement--mb ap-StoryText\">Cette d\u00e9cision de justice interdit \u00ab\u00a0d&rsquo;interpeller et de d\u00e9tenir des personnes sur la seule base d&rsquo;amalgames li\u00e9s \u00e0 leur apparence, leur fa\u00e7on de parler ou l&rsquo;endroit o\u00f9 elles se trouvent\u00a0\u00bb, a rappel\u00e9 mercredi dans un communiqu\u00e9 Mohammad Tajsar, avocat de l&rsquo;ACLU, influente organisation de d\u00e9fense des droits civiques.<\/p>\n","protected":false},"excerpt":{"rendered":"Gregory Bovino, le chef de la police aux fronti\u00e8res en Californie, a partag\u00e9 la vid\u00e9o de mercredi avec&hellip;\n","protected":false},"author":2,"featured_media":25030,"comment_status":"","ping_status":"","sticky":false,"template":"","format":"standard","meta":{"footnotes":""},"categories":[1589],"tags":[11,73,1866,1061,12,1072,10162,1864,1865,1863,308],"class_list":{"0":"post-301707","1":"post","2":"type-post","3":"status-publish","4":"format-standard","5":"has-post-thumbnail","7":"category-etats-unis","8":"tag-actualites","9":"tag-etats-unis","10":"tag-etats-unis-damerique","11":"tag-immigration","12":"tag-news","13":"tag-police","14":"tag-racisme","15":"tag-united-states","16":"tag-united-states-of-america","17":"tag-us","18":"tag-usa"},"share_on_mastodon":{"url":"https:\/\/pubeurope.com\/@fr\/114985029052343698","error":""},"_links":{"self":[{"href":"https:\/\/www.europesays.com\/fr\/wp-json\/wp\/v2\/posts\/301707","targetHints":{"allow":["GET"]}}],"collection":[{"href":"https:\/\/www.europesays.com\/fr\/wp-json\/wp\/v2\/posts"}],"about":[{"href":"https:\/\/www.europesays.com\/fr\/wp-json\/wp\/v2\/types\/post"}],"author":[{"embeddable":true,"href":"https:\/\/www.europesays.com\/fr\/wp-json\/wp\/v2\/users\/2"}],"replies":[{"embeddable":true,"href":"https:\/\/www.europesays.com\/fr\/wp-json\/wp\/v2\/comments?post=301707"}],"version-history":[{"count":0,"href":"https:\/\/www.europesays.com\/fr\/wp-json\/wp\/v2\/posts\/301707\/revisions"}],"wp:featuredmedia":[{"embeddable":true,"href":"https:\/\/www.europesays.com\/fr\/wp-json\/wp\/v2\/media\/25030"}],"wp:attachment":[{"href":"https:\/\/www.europesays.com\/fr\/wp-json\/wp\/v2\/media?parent=301707"}],"wp:term":[{"taxonomy":"category","embeddable":true,"href":"https:\/\/www.europesays.com\/fr\/wp-json\/wp\/v2\/categories?post=301707"},{"taxonomy":"post_tag","embeddable":true,"href":"https:\/\/www.europesays.com\/fr\/wp-json\/wp\/v2\/tags?post=301707"}],"curies":[{"name":"wp","href":"https:\/\/api.w.org\/{rel}","templated":true}]}}