{"id":301708,"date":"2025-08-07T02:04:14","date_gmt":"2025-08-07T02:04:14","guid":{"rendered":"https:\/\/www.europesays.com\/fr\/301708\/"},"modified":"2025-08-07T02:04:14","modified_gmt":"2025-08-07T02:04:14","slug":"pourquoi-de-plus-en-plus-dultra-riches-quittent-le-royaume-uni","status":"publish","type":"post","link":"https:\/\/www.europesays.com\/fr\/301708\/","title":{"rendered":"Pourquoi de plus en plus d&rsquo;ultra-riches quittent le Royaume-Uni?"},"content":{"rendered":"<p><img decoding=\"async\" src=\"https:\/\/www.europesays.com\/fr\/wp-content\/uploads\/2025\/05\/principale-26_1.png\"  alt=\"Pourquoi de plus en plus d'ultra-riches quittent le Royaume-Uni?\" title=\"Pourquoi de plus en plus d'ultra-riches quittent le Royaume-Uni?\"\/>Pourquoi de plus en plus d&rsquo;ultra-riches quittent le Royaume-Uni?<\/p>\n<p>Depuis la suppression du statut de \u00ab\u00a0non domicili\u00e9\u00a0\u00bb outre-Manche, plusieurs \u00e9tudes affirment que de nombreux millionaires \u00e9trangers install\u00e9s au Royaume-Uni quittent le pays pour des destinations \u00e0 la fiscalit\u00e9 plus avantageuse. Les explications de Paul Louis, journaliste \u00e0 BFM Business.<\/p>\n","protected":false},"excerpt":{"rendered":"Pourquoi de plus en plus d&rsquo;ultra-riches quittent le Royaume-Uni? Depuis la suppression du statut de \u00ab\u00a0non domicili\u00e9\u00a0\u00bb outre-Manche,&hellip;\n","protected":false},"author":2,"featured_media":301709,"comment_status":"","ping_status":"","sticky":false,"template":"","format":"standard","meta":{"footnotes":""},"categories":[1588],"tags":[11,1777,674,12,473,1853,1851,1850,1852],"class_list":{"0":"post-301708","1":"post","2":"type-post","3":"status-publish","4":"format-standard","5":"has-post-thumbnail","7":"category-royaume-uni","8":"tag-actualites","9":"tag-eu","10":"tag-europe","11":"tag-news","12":"tag-royaume-uni","13":"tag-royaume-uni-de-grande-bretagne-et-dirlande-du-nord","14":"tag-uk","15":"tag-united-kingdom","16":"tag-united-kingdom-of-great-britain-and-northern-ireland"},"share_on_mastodon":{"url":"https:\/\/pubeurope.com\/@fr\/114985033018829302","error":""},"_links":{"self":[{"href":"https:\/\/www.europesays.com\/fr\/wp-json\/wp\/v2\/posts\/301708","targetHints":{"allow":["GET"]}}],"collection":[{"href":"https:\/\/www.europesays.com\/fr\/wp-json\/wp\/v2\/posts"}],"about":[{"href":"https:\/\/www.europesays.com\/fr\/wp-json\/wp\/v2\/types\/post"}],"author":[{"embeddable":true,"href":"https:\/\/www.europesays.com\/fr\/wp-json\/wp\/v2\/users\/2"}],"replies":[{"embeddable":true,"href":"https:\/\/www.europesays.com\/fr\/wp-json\/wp\/v2\/comments?post=301708"}],"version-history":[{"count":0,"href":"https:\/\/www.europesays.com\/fr\/wp-json\/wp\/v2\/posts\/301708\/revisions"}],"wp:featuredmedia":[{"embeddable":true,"href":"https:\/\/www.europesays.com\/fr\/wp-json\/wp\/v2\/media\/301709"}],"wp:attachment":[{"href":"https:\/\/www.europesays.com\/fr\/wp-json\/wp\/v2\/media?parent=301708"}],"wp:term":[{"taxonomy":"category","embeddable":true,"href":"https:\/\/www.europesays.com\/fr\/wp-json\/wp\/v2\/categories?post=301708"},{"taxonomy":"post_tag","embeddable":true,"href":"https:\/\/www.europesays.com\/fr\/wp-json\/wp\/v2\/tags?post=301708"}],"curies":[{"name":"wp","href":"https:\/\/api.w.org\/{rel}","templated":true}]}}