{"id":301714,"date":"2025-08-07T02:07:10","date_gmt":"2025-08-07T02:07:10","guid":{"rendered":"https:\/\/www.europesays.com\/fr\/301714\/"},"modified":"2025-08-07T02:07:10","modified_gmt":"2025-08-07T02:07:10","slug":"la-ville-modernise-son-eclairage-public-8-000-equipements-remplaces","status":"publish","type":"post","link":"https:\/\/www.europesays.com\/fr\/301714\/","title":{"rendered":"la ville modernise son \u00e9clairage public, 8.000 \u00e9quipements remplac\u00e9s"},"content":{"rendered":"<p>\n\t\t<strong>La ville de Saint-Denis engage un vaste chantier de r\u00e9novation de son \u00e9clairage public, avec le soutien du programme europ\u00e9en \u00ab\u00a0Feder-Fse+ 2021-2027\u00a0\u00bb. \u00ab\u00a0Sur les 18.000 points lumineux que compte la commune, pr\u00e8s de 8 000 \u00e9quipements v\u00e9tustes (soit 30 %) seront remplac\u00e9s d\u2019ici 2026 par des dispositifs Led \u00e9quip\u00e9s de t\u00e9l\u00e9gestion, permettant d\u2019ajuster l\u2019intensit\u00e9 en pleine nuit\u00a0\u00bb, indique la mairie (Photo d&rsquo;illustration : sly\/www.imazpress.com).<\/strong>\n\t<\/p>\n<p>\nL&rsquo;objectif est de r\u00e9duire la consommation \u00e9nerg\u00e9tique, les \u00e9missions de gaz \u00e0 effet de serre, et am\u00e9liorer la performance globale du r\u00e9seau, dont le co\u00fbt annuel d\u2019\u00e9lectricit\u00e9 s\u2019\u00e9l\u00e8ve \u00e0 1.2 million d\u2019euros. Le montant total du projet est estim\u00e9 \u00e0 7.7 millions d\u2019euros, dont 3.6 millions financ\u00e9s par l\u2019Union europ\u00e9enne. L\u2019\u00e9conomie attendue est de 350 000 euros par an.\u00a0<\/p>\n<\/p>\n<p class=\"article__tags\">Zoom, \u00c9clairage public, Consommation \u00e9nerg\u00e9tique, Saint-Denis<\/p>\n","protected":false},"excerpt":{"rendered":"La ville de Saint-Denis engage un vaste chantier de r\u00e9novation de son \u00e9clairage public, avec le soutien du&hellip;\n","protected":false},"author":2,"featured_media":301715,"comment_status":"","ping_status":"","sticky":false,"template":"","format":"standard","meta":{"footnotes":""},"categories":[1586],"tags":[11,1777,674,1779,1011,27,12,25,1778,364],"class_list":{"0":"post-301714","1":"post","2":"type-post","3":"status-publish","4":"format-standard","5":"has-post-thumbnail","7":"category-europe","8":"tag-actualites","9":"tag-eu","10":"tag-europe","11":"tag-european-union","12":"tag-fr","13":"tag-france","14":"tag-news","15":"tag-republique-francaise","16":"tag-ue","17":"tag-union-europeenne"},"share_on_mastodon":{"url":"https:\/\/pubeurope.com\/@fr\/114985044742342861","error":""},"_links":{"self":[{"href":"https:\/\/www.europesays.com\/fr\/wp-json\/wp\/v2\/posts\/301714","targetHints":{"allow":["GET"]}}],"collection":[{"href":"https:\/\/www.europesays.com\/fr\/wp-json\/wp\/v2\/posts"}],"about":[{"href":"https:\/\/www.europesays.com\/fr\/wp-json\/wp\/v2\/types\/post"}],"author":[{"embeddable":true,"href":"https:\/\/www.europesays.com\/fr\/wp-json\/wp\/v2\/users\/2"}],"replies":[{"embeddable":true,"href":"https:\/\/www.europesays.com\/fr\/wp-json\/wp\/v2\/comments?post=301714"}],"version-history":[{"count":0,"href":"https:\/\/www.europesays.com\/fr\/wp-json\/wp\/v2\/posts\/301714\/revisions"}],"wp:featuredmedia":[{"embeddable":true,"href":"https:\/\/www.europesays.com\/fr\/wp-json\/wp\/v2\/media\/301715"}],"wp:attachment":[{"href":"https:\/\/www.europesays.com\/fr\/wp-json\/wp\/v2\/media?parent=301714"}],"wp:term":[{"taxonomy":"category","embeddable":true,"href":"https:\/\/www.europesays.com\/fr\/wp-json\/wp\/v2\/categories?post=301714"},{"taxonomy":"post_tag","embeddable":true,"href":"https:\/\/www.europesays.com\/fr\/wp-json\/wp\/v2\/tags?post=301714"}],"curies":[{"name":"wp","href":"https:\/\/api.w.org\/{rel}","templated":true}]}}