{"id":301724,"date":"2025-08-07T02:14:11","date_gmt":"2025-08-07T02:14:11","guid":{"rendered":"https:\/\/www.europesays.com\/fr\/301724\/"},"modified":"2025-08-07T02:14:11","modified_gmt":"2025-08-07T02:14:11","slug":"je-pourrais-changer-completement-la-donne-avec-son-deuxieme-service-et-son-coup-droit-affirme-rick-macci-sur-les-problemes-rencontres-par-gauff","status":"publish","type":"post","link":"https:\/\/www.europesays.com\/fr\/301724\/","title":{"rendered":"\u00ab Je pourrais changer compl\u00e8tement la donne avec son deuxi\u00e8me service et son coup droit \u00bb, affirme Rick Macci sur les probl\u00e8mes rencontr\u00e9s par Gauff"},"content":{"rendered":"<p>                <img decoding=\"async\" src=\"https:\/\/www.europesays.com\/fr\/wp-content\/uploads\/2025\/08\/pxy0.jpg\" alt=\"\u00ab Je pourrais changer compl\u00e8tement la donne avec son deuxi\u00e8me service et son coup droit \u00bb, affirme Rick Macci sur les probl\u00e8mes rencontr\u00e9s par Gauff\"\/><\/p>\n<p>Coco Gauff, \u00e9limin\u00e9e en huiti\u00e8mes de finale \u00e0 Montr\u00e9al, a souffert tout au long de sa semaine au Canada en commettant par exemple un total de 43 doubles fautes en trois matchs.<\/p>\n<p>Des soucis au niveau du service qui \u00e9taient d\u00e9j\u00e0 pr\u00e9sents depuis le d\u00e9but de la saison, mais qui n\u2019ont pas emp\u00each\u00e9 l\u2019Am\u00e9ricaine de s\u2019adjuger son deuxi\u00e8me titre du Grand Chelem \u00e0 Roland-Garros.<\/p>\n<p>Le l\u00e9gendaire entra\u00eeneur Rick Macci, qui s\u2019exprime souvent sur les r\u00e9sultats de Gauff, a \u00e9t\u00e9 interview\u00e9 \u00e0 ce sujet par Tennis365 :<\/p>\n<p>\u00ab Si je devais aider quelqu\u2019un, ce serait Coco Gauff. Il n\u2019y a aucun doute sur le fait que je pourrais compl\u00e8tement changer la donne avec son deuxi\u00e8me service et son coup droit.<\/p>\n<p>Mais il faudrait le faire durant l\u2019intersaison. L\u2019ann\u00e9e derni\u00e8re, ils allaient prendre du temps pour reconstruire son service. Mais vous savez, quand vous gagnez un petit peu, ce d\u00e9faut technique peut \u00eatre un peu camoufl\u00e9. \u00bb<\/p>\n","protected":false},"excerpt":{"rendered":"Coco Gauff, \u00e9limin\u00e9e en huiti\u00e8mes de finale \u00e0 Montr\u00e9al, a souffert tout au long de sa semaine au&hellip;\n","protected":false},"author":2,"featured_media":301725,"comment_status":"","ping_status":"","sticky":false,"template":"","format":"standard","meta":{"footnotes":""},"categories":[1415],"tags":[1011,27,60,1467],"class_list":{"0":"post-301724","1":"post","2":"type-post","3":"status-publish","4":"format-standard","5":"has-post-thumbnail","7":"category-tennis","8":"tag-fr","9":"tag-france","10":"tag-sports","11":"tag-tennis"},"share_on_mastodon":{"url":"https:\/\/pubeurope.com\/@fr\/114985072257251571","error":""},"_links":{"self":[{"href":"https:\/\/www.europesays.com\/fr\/wp-json\/wp\/v2\/posts\/301724","targetHints":{"allow":["GET"]}}],"collection":[{"href":"https:\/\/www.europesays.com\/fr\/wp-json\/wp\/v2\/posts"}],"about":[{"href":"https:\/\/www.europesays.com\/fr\/wp-json\/wp\/v2\/types\/post"}],"author":[{"embeddable":true,"href":"https:\/\/www.europesays.com\/fr\/wp-json\/wp\/v2\/users\/2"}],"replies":[{"embeddable":true,"href":"https:\/\/www.europesays.com\/fr\/wp-json\/wp\/v2\/comments?post=301724"}],"version-history":[{"count":0,"href":"https:\/\/www.europesays.com\/fr\/wp-json\/wp\/v2\/posts\/301724\/revisions"}],"wp:featuredmedia":[{"embeddable":true,"href":"https:\/\/www.europesays.com\/fr\/wp-json\/wp\/v2\/media\/301725"}],"wp:attachment":[{"href":"https:\/\/www.europesays.com\/fr\/wp-json\/wp\/v2\/media?parent=301724"}],"wp:term":[{"taxonomy":"category","embeddable":true,"href":"https:\/\/www.europesays.com\/fr\/wp-json\/wp\/v2\/categories?post=301724"},{"taxonomy":"post_tag","embeddable":true,"href":"https:\/\/www.europesays.com\/fr\/wp-json\/wp\/v2\/tags?post=301724"}],"curies":[{"name":"wp","href":"https:\/\/api.w.org\/{rel}","templated":true}]}}