{"id":301726,"date":"2025-08-07T02:16:26","date_gmt":"2025-08-07T02:16:26","guid":{"rendered":"https:\/\/www.europesays.com\/fr\/301726\/"},"modified":"2025-08-07T02:16:26","modified_gmt":"2025-08-07T02:16:26","slug":"le-skakedown-motogp-debute-mais-la-mauvaise-nouvelle-tombe-pour-zarco-absent","status":"publish","type":"post","link":"https:\/\/www.europesays.com\/fr\/301726\/","title":{"rendered":"Le Skakedown MotoGP d\u00e9bute mais la mauvaise nouvelle tombe pour Zarco, absent !"},"content":{"rendered":"<p>Le Team LCR nous a confirm\u00e9 l\u2019information dans la nuit, Johann Zarco ne sera pas pr\u00e9sent sur le Shakedown de Sepang, en MotoGP, qui a lieu aujourd\u2019hui, demain et dimanche prochain. En effet, contrairement \u00e0 Yamaha, qui fera rouler tous ses titulaires, Honda a d\u00e9cid\u00e9 de ne mettre en piste que ses pilotes d\u2019essais. Il faudra donc patienter jusqu\u2019au test officiel, en Malaisie, la semaine prochaine, pour observer le pilote Fran\u00e7ais en piste.<\/p>\n<p>MotoGP : Fermin Aldeguer en piste !<\/p>\n<p>Quoiqu\u2019il en soit, les essais ont bel et bien commenc\u00e9 il y a quelques heures, pour toutes les \u00e9quipes et pour de nombreux pilotes titulaires ainsi que les rookies. Parmi eux, le jeune prodige Fermin Aldeguer a d\u00e9j\u00e0 eu l\u2019opportunit\u00e9 d\u2019essayer sa Ducati, via le Team satellite Gresini Racing. La vid\u00e9o de lancement de l\u2019Espagnol en piste a d\u2019ailleurs \u00e9t\u00e9 publi\u00e9e sur les r\u00e9seaux sociaux par l\u2019\u00e9curie en question.<\/p>\n<blockquote class=\"twitter-tweet\">\n<p dir=\"ltr\" lang=\"en\">And so it begins <a href=\"https:\/\/twitter.com\/Aldeguer54?ref_src=twsrc%5Etfw\" target=\"_blank\" rel=\"noopener\">@Aldeguer54<\/a> <a href=\"https:\/\/t.co\/enjoze2eJX\">pic.twitter.com\/enjoze2eJX<\/a><\/p>\n<p>\u2014 Gresini Racing (@GresiniRacing) <a href=\"https:\/\/twitter.com\/GresiniRacing\/status\/1885152151380648110?ref_src=twsrc%5Etfw\" target=\"_blank\" rel=\"noopener\">January 31, 2025<\/a><\/p>\n<\/blockquote>\n<p><a href=\"https:\/\/lemagsportauto.ouest-france.fr\/cocorico-en-motogp-les-splendides-ktm-tech3-revelees-en-images\/100289\/\" target=\"_blank\" rel=\"noopener\">Cocorico en MotoGP, les splendides KTM Tech3 r\u00e9v\u00e9l\u00e9es, en images ! \u2013 Le Mag Sport Auto<\/a><\/p>\n<p>Article publi\u00e9 le 31\/01\/2025 \u00e0 6h13<\/p>\n<p>                                            <img loading=\"lazy\" alt=\"\" class=\"avatar avatar-100 photo lazyload\" height=\"100\" width=\"100\" decoding=\"async\" src=\"https:\/\/www.europesays.com\/fr\/wp-content\/uploads\/2025\/08\/1754532986_718_ffbb894c35ea5189d599d4ea062c98b86ffb67cc602fa683ebcbf422a80fc47a\"  data-eio-rwidth=\"100\" data-eio-rheight=\"100\"\/><\/p>\n<p class=\"h2\">\n                                            Julien Barthet\n                                        <\/p>\n<p>R\u00e9dacteur professionnel, titulaire de la carte de presse pendant 3 ans. Fondateur\/Directeur et R\u00e9dacteur en chef Le Mag Sport Auto et LeMagJeuxHighTech.com.&#13;<br \/>\nEx-Pilote automobile : 55 courses (Formule Ford, F.Campus, Coupe 206 Sprint et Relais, Saxo, Ford Fiesta Allemagne, Mitjet) 1 Victoire. Essais F3, Nascar Euro, Caterham, F.Renault, etc.<\/p>\n<p>                                                                                                                            <a href=\"https:\/\/lemagsportauto.ouest-france.fr\/author\/lmsa_adm\/\" title=\"Julien Barthet\" target=\"_blank\" rel=\"noopener\"><br \/>\n                                                Voir les publications de l&rsquo;auteur<br \/>\n                                            <\/a><\/p>\n<p>                                <script async src=\"https:\/\/platform.twitter.com\/widgets.js\" charset=\"utf-8\"><\/script><\/p>\n","protected":false},"excerpt":{"rendered":"Le Team LCR nous a confirm\u00e9 l\u2019information dans la nuit, Johann Zarco ne sera pas pr\u00e9sent sur le&hellip;\n","protected":false},"author":2,"featured_media":301727,"comment_status":"","ping_status":"","sticky":false,"template":"","format":"standard","meta":{"footnotes":""},"categories":[1413],"tags":[1011,27,4922,1741,1457,1456,1458,60],"class_list":{"0":"post-301726","1":"post","2":"type-post","3":"status-publish","4":"format-standard","5":"has-post-thumbnail","7":"category-moto","8":"tag-fr","9":"tag-france","10":"tag-honda","11":"tag-johann-zarco","12":"tag-moto","13":"tag-motocycle","14":"tag-motogp","15":"tag-sports"},"share_on_mastodon":{"url":"https:\/\/pubeurope.com\/@fr\/114985080329672150","error":""},"_links":{"self":[{"href":"https:\/\/www.europesays.com\/fr\/wp-json\/wp\/v2\/posts\/301726","targetHints":{"allow":["GET"]}}],"collection":[{"href":"https:\/\/www.europesays.com\/fr\/wp-json\/wp\/v2\/posts"}],"about":[{"href":"https:\/\/www.europesays.com\/fr\/wp-json\/wp\/v2\/types\/post"}],"author":[{"embeddable":true,"href":"https:\/\/www.europesays.com\/fr\/wp-json\/wp\/v2\/users\/2"}],"replies":[{"embeddable":true,"href":"https:\/\/www.europesays.com\/fr\/wp-json\/wp\/v2\/comments?post=301726"}],"version-history":[{"count":0,"href":"https:\/\/www.europesays.com\/fr\/wp-json\/wp\/v2\/posts\/301726\/revisions"}],"wp:featuredmedia":[{"embeddable":true,"href":"https:\/\/www.europesays.com\/fr\/wp-json\/wp\/v2\/media\/301727"}],"wp:attachment":[{"href":"https:\/\/www.europesays.com\/fr\/wp-json\/wp\/v2\/media?parent=301726"}],"wp:term":[{"taxonomy":"category","embeddable":true,"href":"https:\/\/www.europesays.com\/fr\/wp-json\/wp\/v2\/categories?post=301726"},{"taxonomy":"post_tag","embeddable":true,"href":"https:\/\/www.europesays.com\/fr\/wp-json\/wp\/v2\/tags?post=301726"}],"curies":[{"name":"wp","href":"https:\/\/api.w.org\/{rel}","templated":true}]}}