{"id":301728,"date":"2025-08-07T02:17:15","date_gmt":"2025-08-07T02:17:15","guid":{"rendered":"https:\/\/www.europesays.com\/fr\/301728\/"},"modified":"2025-08-07T02:17:15","modified_gmt":"2025-08-07T02:17:15","slug":"je-suis-rarement-chez-moi-son-appartement-de-jeune-pilote-situe-a-15-km-dun-circuit-de-course-mythique","status":"publish","type":"post","link":"https:\/\/www.europesays.com\/fr\/301728\/","title":{"rendered":"\u00ab\u00a0Je suis rarement chez moi\u00a0\u00bb, son appartement de jeune pilote situ\u00e9 \u00e0 15 km d&rsquo;un circuit de course mythique"},"content":{"rendered":"<p>N\u00e9 \u00e0 Paris et issu d&rsquo;une famille franco-alg\u00e9rienne, le talentueux pilote a franchi en grand les portes de la Formule 1, \u00e0 seulement 20 ans. Voici l&rsquo;endroit o\u00f9 il fait ses premiers pas dans les paddocks les plus prestigieux du monde, dans l&rsquo;antichambre de Red Bull.<\/p>\n<p>Isack Hadjar : une ascension fulgurante vers la Formule 1<\/p>\n<p>En 2019, \u00e0 quinze ans, le prodige d\u00e9bute en monoplace en championnat de France de Formule 4, o\u00f9 il remporte une victoire \u00e0 <a href=\"https:\/\/www.lejournaldelamaison.fr\/le-journal-de-la-maison\/reportages-maisons\/maisons-reportages-maisons\/michael-schumacher-sa-gigantesque-villa-en-suisse-est-a-vendre-434977.html\" rel=\"nofollow noopener\" target=\"_blank\" data-ylk=\"slk:Spa\u2011Francorchamps;elm:context_link;itc:0;sec:content-canvas\" class=\"link \">Spa\u2011Francorchamps<\/a> et termine \u00e0 la septi\u00e8me place. L&rsquo;ann\u00e9e suivante, il encha\u00eene avec trois victoires et termine troisi\u00e8me du championnat, d\u00e9montrant <strong>une progression rapide et un talent qui tape dans l&rsquo;\u0153il des observateurs<\/strong>.<\/p>\n<p>En 2021, il acc\u00e8de \u00e0 la Formula Regional European Championship, <strong>d\u00e9croche une victoire \u00e0 Monaco et rejoint dans la foul\u00e9e le programme Red Bull Junior Team<\/strong>. En 2022, il s&rsquo;aligne en FIA Formula 3 avec Hitech Grand Prix : il enregistre trois succ\u00e8s et finit quatri\u00e8me du championnat. En 2023, promu en Formule 2 avec Hitech, il r\u00e9alise une saison solide avant d&rsquo;exploser en 2024 avec quatre victoires, huit podiums, un statut de vice-champion et une ascension vers la F1 confirm\u00e9e en fin d&rsquo;ann\u00e9e. Le voil\u00e0 aujourd&rsquo;hui bien install\u00e9 dans les paddocks, lui, le rookie.<\/p>\n<p>Isack Hadjar : un quotidien centr\u00e9 sur la Formule 1, m\u00eame \u00e0 la maison<\/p>\n<p>Cette ann\u00e9e, Isack Hadjar a int\u00e9gr\u00e9 l&rsquo;\u00e9curie <strong>Visa Cash App Racing Bulls<\/strong> (filiale de Red Bull) pour la saison 2025 de Formule 1, aux c\u00f4t\u00e9s de Yuki Tsunoda. D\u00e8s son troisi\u00e8me Grand Prix, en Chine, il marque ses&#8230;<a href=\"https:\/\/www.lejournaldelamaison.fr\/le-journal-de-la-maison\/reportages-maisons\/maisons-reportages-maisons\/isack-hadjar-appartement-faenza-518544.html\" rel=\"nofollow noopener\" target=\"_blank\" data-ylk=\"slk:Lire la suite sur Le Journal de la Maison;elm:context_link;itc:0;sec:content-canvas\" class=\"link \">Lire la suite sur Le Journal de la Maison<\/a><\/p>\n","protected":false},"excerpt":{"rendered":"N\u00e9 \u00e0 Paris et issu d&rsquo;une famille franco-alg\u00e9rienne, le talentueux pilote a franchi en grand les portes de&hellip;\n","protected":false},"author":2,"featured_media":301729,"comment_status":"","ping_status":"","sticky":false,"template":"","format":"standard","meta":{"footnotes":""},"categories":[1412],"tags":[22279,1451,1452,1453,1454,1455,1011,27,44165,2244,2255,60],"class_list":{"0":"post-301728","1":"post","2":"type-post","3":"status-publish","4":"format-standard","5":"has-post-thumbnail","7":"category-f1","8":"tag-championnat-de-france","9":"tag-f1","10":"tag-formula-1","11":"tag-formula1","12":"tag-formule-1","13":"tag-formule1","14":"tag-fr","15":"tag-france","16":"tag-franco-algerienne","17":"tag-isack-hadjar","18":"tag-red-bull","19":"tag-sports"},"share_on_mastodon":{"url":"https:\/\/pubeurope.com\/@fr\/114985084136391839","error":""},"_links":{"self":[{"href":"https:\/\/www.europesays.com\/fr\/wp-json\/wp\/v2\/posts\/301728","targetHints":{"allow":["GET"]}}],"collection":[{"href":"https:\/\/www.europesays.com\/fr\/wp-json\/wp\/v2\/posts"}],"about":[{"href":"https:\/\/www.europesays.com\/fr\/wp-json\/wp\/v2\/types\/post"}],"author":[{"embeddable":true,"href":"https:\/\/www.europesays.com\/fr\/wp-json\/wp\/v2\/users\/2"}],"replies":[{"embeddable":true,"href":"https:\/\/www.europesays.com\/fr\/wp-json\/wp\/v2\/comments?post=301728"}],"version-history":[{"count":0,"href":"https:\/\/www.europesays.com\/fr\/wp-json\/wp\/v2\/posts\/301728\/revisions"}],"wp:featuredmedia":[{"embeddable":true,"href":"https:\/\/www.europesays.com\/fr\/wp-json\/wp\/v2\/media\/301729"}],"wp:attachment":[{"href":"https:\/\/www.europesays.com\/fr\/wp-json\/wp\/v2\/media?parent=301728"}],"wp:term":[{"taxonomy":"category","embeddable":true,"href":"https:\/\/www.europesays.com\/fr\/wp-json\/wp\/v2\/categories?post=301728"},{"taxonomy":"post_tag","embeddable":true,"href":"https:\/\/www.europesays.com\/fr\/wp-json\/wp\/v2\/tags?post=301728"}],"curies":[{"name":"wp","href":"https:\/\/api.w.org\/{rel}","templated":true}]}}