{"id":301741,"date":"2025-08-07T02:25:27","date_gmt":"2025-08-07T02:25:27","guid":{"rendered":"https:\/\/www.europesays.com\/fr\/301741\/"},"modified":"2025-08-07T02:25:27","modified_gmt":"2025-08-07T02:25:27","slug":"le-dracula-de-luc-besson-realise-le-5eme-meilleur-demarrage-pour-un-film-francais-en-2025","status":"publish","type":"post","link":"https:\/\/www.europesays.com\/fr\/301741\/","title":{"rendered":"Le Dracula de Luc Besson r\u00e9alise le 5\u00e8me meilleur d\u00e9marrage pour un film fran\u00e7ais en 2025 !"},"content":{"rendered":"<p>Dracula, le nouveau film de Luc Besson, a r\u00e9alis\u00e9 durant la semaine \u00e9coul\u00e9e le cinqui\u00e8me meilleur d\u00e9marrage d&rsquo;un film fran\u00e7ais pour l&rsquo;ann\u00e9e 2025 avec 266 438 entr\u00e9es. Le r\u00e9alisateur prend ainsi sa revanche apr\u00e8s l&rsquo;\u00e9chec critique et public de Dogman, son dernier film. <\/p>\n<p>Avec le regain de la canicule en ce d\u00e9but du mois d&rsquo;ao\u00fbt, les salles de cin\u00e9ma devraient conna\u00eetre un nouvel attrait pour les spectateurs. Pour la semaine \u00e9coul\u00e9e, c&rsquo;est le dessin anim\u00e9 Bad Guys 2 avec les voix de <a href=\"https:\/\/www.programme-tv.net\/biographie\/77634-niney-pierre\/\" data-link-people=\"ebdbf6ca-032a-4970-8693-0f4dda181262\" target=\"_blank\" rel=\"noopener\">Pierre Niney<\/a> et <a href=\"https:\/\/www.programme-tv.net\/biographie\/276911-zadi-jean-pascal\/\" data-link-people=\"72228689-d987-4b5d-8613-90aa24101aac\" target=\"_blank\" rel=\"noopener\">Jean-Pascal Zadi<\/a> qui caracolait en t\u00eate du box-office avec 415 000 entr\u00e9es, suivi par Les 4 Fantastiques, premiers pas, la nouvelle superproduction des films Marvel qui accuse cependant un s\u00e9rieux ralentissement avec presque 50% de chute de sa popularit\u00e9. En troisi\u00e8me place, on retrouve un film fran\u00e7ais tr\u00e8s attendu, Dracula de Luc Besson avec 266 438 entr\u00e9es. Suivent Jurassic world : Renaissance et Les Schtroumpfs &#8211; Le film. Le r\u00e9alisateur fran\u00e7ais a choisi d&rsquo;adapter, \u00e0 son tour, le roman de Bram Stoker, d\u00e9j\u00e0 mis en images par <a href=\"https:\/\/www.programme-tv.net\/biographie\/10786-coppola-francis-ford\/\" data-link-people=\"df561f07-0b84-410b-80c0-4a87ece8c5af\" target=\"_blank\" rel=\"noopener\">Francis Ford Coppola<\/a> en 1992.  Et il s&rsquo;agit d&rsquo;un retour en force pour le r\u00e9alisateur du Cinqui\u00e8me \u00e9l\u00e9ment.<\/p>\n<p>                        Luc Besson prend sa revanche sur Dogman sorti en 2023<\/p>\n<p>En ce mois d&rsquo;ao\u00fbt, Luc Besson r\u00e9ussit l&rsquo;exploit avec Dracula de r\u00e9aliser le cinqui\u00e8me meilleur d\u00e9marrage d&rsquo;un film fran\u00e7ais pour l&rsquo;ann\u00e9e 2025<a href=\"https:\/\/www.programme-tv.net\/news\/cinema\/384665-quels-sont-les-films-francais-les-plus-vus-de-lannee-2025\/\" data-api-deeplink=\"teleloisirs:\/\/news\/384665\" target=\"_blank\" rel=\"noopener\">. Sur le podium, on retrouve God save the Tuche, Ma m\u00e8re, dieu et Sylvie Vartan, et Les Bodin&rsquo;s partent en vrille.<\/a> La quatri\u00e8me place est occup\u00e9e par Un ours dans le Jura et Dracula surclasse L&rsquo;Attachement, le film de Carine Tardieu avec <a href=\"https:\/\/www.programme-tv.net\/biographie\/393-bruni-tedeschi-valeria\/\" data-link-people=\"a85cb58f-a0e2-4124-a612-7475e2ceffc7\" target=\"_blank\" rel=\"noopener\">Valeria Bruni Tedeschi<\/a> et <a href=\"https:\/\/www.programme-tv.net\/biographie\/124586-marmai-pio\/\" data-link-people=\"223076b3-5924-4a4e-8c77-9f895e9d9d86\" target=\"_blank\" rel=\"noopener\">Pio Marma\u00ef<\/a>  Le nouveau long-m\u00e9trage de Luc Besson avec Caleb Landry Jones,\u00a0<a href=\"https:\/\/www.programme-tv.net\/biographie\/10960-waltz-christoph\/\" data-link-people=\"49fa3146-7ce2-4997-886a-86f347e51753\" target=\"_blank\" rel=\"noopener\">Christoph Waltz<\/a> et Zoe Bleu r\u00e9alise un bien meilleur d\u00e9marrage que son pr\u00e9c\u00e9dent film, Dogman, sorti en 2023. Il n&rsquo;avait attir\u00e9 que 139\u00a0000 spectateurs dans les salles obscures \u00e0 sa sortie et avait termin\u00e9 son exploitation avec seulement 290\u00a0000 entr\u00e9es.<\/p>\n<p>            Luc Besson s&rsquo;\u00e9tait confi\u00e9 sur les conditions de tournage de Dracula<\/p>\n<p>Dans une interview accord\u00e9e au Film fran\u00e7ais,<a href=\"https:\/\/www.programme-tv.net\/news\/cinema\/384514-ce-qui-a-vraiment-attriste-luc-besson-pour-le-tournage-de-son-dracula\/\" data-api-deeplink=\"teleloisirs:\/\/news\/384514\" target=\"_blank\" rel=\"noopener\"> Luc Besson s&rsquo;\u00e9tait confi\u00e9 sur les conditions tr\u00e8s particuli\u00e8res de tournage de Dracula<\/a>. \u00ab\u00a0Pour les sc\u00e8nes enneig\u00e9es, nous avons d\u00fb partir en Laponie car il n&rsquo;y avait malheureusement plus de neige dans le Jura \u00e0 cause du r\u00e9chauffement climatique\u00a0\u00bb, a-t-il indiqu\u00e9. Il n&rsquo;a pas cach\u00e9 que ce constat l&rsquo;avait \u00ab\u00a0vraiment attrist\u00e9\u00a0\u00bb.<a href=\"https:\/\/www.programme-tv.net\/news\/cinema\/384329-dracula-pour-son-nouveau-film-luc-besson-a-tourne-des-scenes-dans-sa-propriete-en-normandie\/\" data-api-deeplink=\"teleloisirs:\/\/news\/384329\" target=\"_blank\" rel=\"noopener\"> Il a \u00e9galement r\u00e9alis\u00e9 une partie du tournage dans l&rsquo;une de ses propri\u00e9t\u00e9s. <\/a><\/p>\n","protected":false},"excerpt":{"rendered":"Dracula, le nouveau film de Luc Besson, a r\u00e9alis\u00e9 durant la semaine \u00e9coul\u00e9e le cinqui\u00e8me meilleur d\u00e9marrage d&rsquo;un&hellip;\n","protected":false},"author":2,"featured_media":301742,"comment_status":"","ping_status":"","sticky":false,"template":"","format":"standard","meta":{"footnotes":""},"categories":[1354],"tags":[7196,244,58,59,1346,1011,27,14990,1360,36266,1630],"class_list":{"0":"post-301741","1":"post","2":"type-post","3":"status-publish","4":"format-standard","5":"has-post-thumbnail","7":"category-films","8":"tag-cinu00e9ma","9":"tag-commentaire","10":"tag-divertissement","11":"tag-entertainment","12":"tag-films","13":"tag-fr","14":"tag-france","15":"tag-luc-besson","16":"tag-movies","17":"tag-sorties-cinu00e9ma","18":"tag-zapping"},"share_on_mastodon":{"url":"https:\/\/pubeurope.com\/@fr\/114985115812767044","error":""},"_links":{"self":[{"href":"https:\/\/www.europesays.com\/fr\/wp-json\/wp\/v2\/posts\/301741","targetHints":{"allow":["GET"]}}],"collection":[{"href":"https:\/\/www.europesays.com\/fr\/wp-json\/wp\/v2\/posts"}],"about":[{"href":"https:\/\/www.europesays.com\/fr\/wp-json\/wp\/v2\/types\/post"}],"author":[{"embeddable":true,"href":"https:\/\/www.europesays.com\/fr\/wp-json\/wp\/v2\/users\/2"}],"replies":[{"embeddable":true,"href":"https:\/\/www.europesays.com\/fr\/wp-json\/wp\/v2\/comments?post=301741"}],"version-history":[{"count":0,"href":"https:\/\/www.europesays.com\/fr\/wp-json\/wp\/v2\/posts\/301741\/revisions"}],"wp:featuredmedia":[{"embeddable":true,"href":"https:\/\/www.europesays.com\/fr\/wp-json\/wp\/v2\/media\/301742"}],"wp:attachment":[{"href":"https:\/\/www.europesays.com\/fr\/wp-json\/wp\/v2\/media?parent=301741"}],"wp:term":[{"taxonomy":"category","embeddable":true,"href":"https:\/\/www.europesays.com\/fr\/wp-json\/wp\/v2\/categories?post=301741"},{"taxonomy":"post_tag","embeddable":true,"href":"https:\/\/www.europesays.com\/fr\/wp-json\/wp\/v2\/tags?post=301741"}],"curies":[{"name":"wp","href":"https:\/\/api.w.org\/{rel}","templated":true}]}}