{"id":301747,"date":"2025-08-07T02:28:17","date_gmt":"2025-08-07T02:28:17","guid":{"rendered":"https:\/\/www.europesays.com\/fr\/301747\/"},"modified":"2025-08-07T02:28:17","modified_gmt":"2025-08-07T02:28:17","slug":"mort-de-thierry-ardisson-cette-animatrice-a-vecu-sa-disparition-aux-premieres-loges","status":"publish","type":"post","link":"https:\/\/www.europesays.com\/fr\/301747\/","title":{"rendered":"Mort de Thierry Ardisson : cette animatrice a v\u00e9cu sa disparition aux premi\u00e8res loges\u00a0"},"content":{"rendered":"<p>Le 14 juillet, une figure du PAF s\u2019\u00e9teignant. Ce jour-l\u00e0,<br \/>\n<a class=\"qbe-widget\" href=\"https:\/\/www.closermag.fr\/people\/audrey-crespo-mara-apres-la-mort-de-thierry-ardisson-elle-revient-au-plus-haut-de-sa-forme-3569314\" target=\"_blank\" rel=\"noopener noreferrer\">Thierry Ardisson a perdu<br \/>\nla vie<\/a> \u00e0 76 ans, suite \u00e0 un cancer du foie, contre lequel il se<br \/>\nbattait depuis plusieurs ann\u00e9es. Suite \u00e0 sa disparition, de<br \/>\nnombreuses personnes lui ont rendu hommage. Le jour des obs\u00e8ques,<br \/>\nqui se sont d\u00e9roul\u00e9es le 17 juillet \u00e0 l\u2019\u00e9glise Saint-Roch \u00e0 Paris,<br \/>\nplus de mille personnes sont venues pour lui faire un adieu.<\/p>\n<p>Il faut dire qu\u2019au cours de sa longue carri\u00e8re, il a crois\u00e9 de<br \/>\nnombreuses personnalit\u00e9s. Parmi elles, Sophie Favier, qui s\u2019est<br \/>\nfait conna\u00eetre <a class=\"qbe-widget\" href=\"https:\/\/www.closermag.fr\/people\/sophie-favier-a-60-ans-son-evolution-physique-en-images-3273252\" target=\"_blank\" rel=\"noopener noreferrer\">dans les ann\u00e9es 80<\/a> en<br \/>\nfaisant partie des Coco Girls, ou encore dans Ciel mon mardi, aux<br \/>\nc\u00f4t\u00e9s de Christophe Dechavanne. Comme beaucoup, l\u2019animatrice a<br \/>\ncrois\u00e9 la route de Thierry Ardisson. Elle a \u00e9t\u00e9 <a class=\"qbe-widget\" href=\"https:\/\/www.closermag.fr\/people\/mort-de-jean-luc-delarue-sophie-favier-fait-des-revelations-etonnantes-sur-la-fin-de-vie-de-l-animateur-1625493#item=1\" target=\"_blank\" rel=\"noopener noreferrer\">tr\u00e8s affect\u00e9e par sa<br \/>\nmort,<\/a> d\u2019autant plus qu\u2019elle se situait aux premi\u00e8res loges.<\/p>\n<p>Sophie Favier se confie sur la mort de<br \/>\nThierry\u00a0Ardisson<\/p>\n<p>Si Thierry Ardisson n\u2019a pas toujours \u00e9t\u00e9 tendre avec<br \/>\nl\u2019animatrice, elle n\u2019en reste pas moins <a class=\"qbe-widget\" href=\"https:\/\/www.closermag.fr\/people\/sophie-favier-sa-douloureuse-confidence-sur-la-fin-de-vie-de-sa-mere-1635148\" target=\"_blank\" rel=\"noopener noreferrer\">boulevers\u00e9e par son<br \/>\nd\u00e9c\u00e8s<\/a>. D\u2019autant plus qu\u2019elle n\u2019\u00e9tait pas vraiment loin de lui<br \/>\nlorsqu\u2019il a rendu son dernier souffle : \u201cJ\u00a0\u00bb\u00e9tais totalement<br \/>\neffondr\u00e9e d&rsquo;apprendre sa disparition. J&rsquo;habite en face de l&rsquo;h\u00f4pital<br \/>\nam\u00e9ricain et ils viennent tous <a class=\"qbe-widget qbe-widget\" href=\"https:\/\/www.closermag.fr\/people\/mort-de-francoise-hardy-lit-medicalise-fauteuil-roulant-perte-de-poids-ses-derniers-mois-cauchemardesques-3451129\" target=\"_blank\" rel=\"noopener noreferrer\">mourir \u00e0<br \/>\nl&rsquo;<\/a>h\u00f4pital am\u00e9ricain\u201d, d\u00e9plore-t-elle au micro du<br \/>\nClub de l\u2019\u00e9t\u00e9, dans l\u2019\u00e9mission du 6 ao\u00fbt sur Europe 1.<\/p>\n<p>En effet, ce n\u2019est pas la premi\u00e8re fois qu\u2019une personnalit\u00e9 vit<br \/>\nses derniers instants dans ce lieu de soin :\u00a0\u201cC&rsquo;est<br \/>\nl&rsquo;horreur, Johnny Hallyday, France Gall\u2026\u201d Non mais c&rsquo;est vrai, \u00e0<br \/>\nchaque fois quand je vois des paparazzis, je me dis, ou c&rsquo;est une<br \/>\nnaissance ou bien c&rsquo;est une mort. C&rsquo;est ou l&rsquo;un ou l&rsquo;autre. C&rsquo;est<br \/>\nterrible.\u00a0\u00bb<\/p>\n<p>Que fait Sophie Favier ?<\/p>\n<p>Apr\u00e8s une longue carri\u00e8re dans les m\u00e9dias, Sophie Favier a<br \/>\nd\u00e9cid\u00e9 de s\u2019\u00e9loigner de ce milieu. Elle m\u00e8ne aujourd&rsquo;hui une vie<br \/>\nplus discr\u00e8te, loin des cam\u00e9ras, aux c\u00f4t\u00e9s de <strong>son compagnon<br \/>\nBruno Proost,<\/strong> de quatorze ans son cadet. Apr\u00e8s avoir<br \/>\nouvert une boutique de mode \u00e0 Neuilly-sur-Seine, elle a pris un<br \/>\nnouveau virage professionnel et travaille aujourd\u2019hui avec son<br \/>\nconjoint, et g\u00e8re deux parcs d\u2019attractions \u00e0 Paris.<\/p>\n<p>Cependant, apr\u00e8s plus de dix ans loin des radios et de la t\u00e9l\u00e9,<br \/>\nelle ne serait pas contre un retour m\u00e9diatique. Par exemple, elle<br \/>\nne serait pas contre <strong>une collaboration avec Cyril<br \/>\nHanouna.<\/strong><\/p>\n","protected":false},"excerpt":{"rendered":"Le 14 juillet, une figure du PAF s\u2019\u00e9teignant. Ce jour-l\u00e0, Thierry Ardisson a perdu la vie \u00e0 76&hellip;\n","protected":false},"author":2,"featured_media":301748,"comment_status":"","ping_status":"","sticky":false,"template":"","format":"standard","meta":{"footnotes":""},"categories":[8],"tags":[548,58,59,1011,27,44169,10058],"class_list":{"0":"post-301747","1":"post","2":"type-post","3":"status-publish","4":"format-standard","5":"has-post-thumbnail","7":"category-divertissement","8":"tag-article-simple","9":"tag-divertissement","10":"tag-entertainment","11":"tag-fr","12":"tag-france","13":"tag-sophie-favier","14":"tag-thierry-ardisson"},"share_on_mastodon":{"url":"https:\/\/pubeurope.com\/@fr\/114985127559663283","error":""},"_links":{"self":[{"href":"https:\/\/www.europesays.com\/fr\/wp-json\/wp\/v2\/posts\/301747","targetHints":{"allow":["GET"]}}],"collection":[{"href":"https:\/\/www.europesays.com\/fr\/wp-json\/wp\/v2\/posts"}],"about":[{"href":"https:\/\/www.europesays.com\/fr\/wp-json\/wp\/v2\/types\/post"}],"author":[{"embeddable":true,"href":"https:\/\/www.europesays.com\/fr\/wp-json\/wp\/v2\/users\/2"}],"replies":[{"embeddable":true,"href":"https:\/\/www.europesays.com\/fr\/wp-json\/wp\/v2\/comments?post=301747"}],"version-history":[{"count":0,"href":"https:\/\/www.europesays.com\/fr\/wp-json\/wp\/v2\/posts\/301747\/revisions"}],"wp:featuredmedia":[{"embeddable":true,"href":"https:\/\/www.europesays.com\/fr\/wp-json\/wp\/v2\/media\/301748"}],"wp:attachment":[{"href":"https:\/\/www.europesays.com\/fr\/wp-json\/wp\/v2\/media?parent=301747"}],"wp:term":[{"taxonomy":"category","embeddable":true,"href":"https:\/\/www.europesays.com\/fr\/wp-json\/wp\/v2\/categories?post=301747"},{"taxonomy":"post_tag","embeddable":true,"href":"https:\/\/www.europesays.com\/fr\/wp-json\/wp\/v2\/tags?post=301747"}],"curies":[{"name":"wp","href":"https:\/\/api.w.org\/{rel}","templated":true}]}}