{"id":301749,"date":"2025-08-07T02:29:12","date_gmt":"2025-08-07T02:29:12","guid":{"rendered":"https:\/\/www.europesays.com\/fr\/301749\/"},"modified":"2025-08-07T02:29:12","modified_gmt":"2025-08-07T02:29:12","slug":"madonna-66-ans-ensorcelante-dans-un-body-transparent-en-dentelle-qui-devoile-sa-sublime-poitrine","status":"publish","type":"post","link":"https:\/\/www.europesays.com\/fr\/301749\/","title":{"rendered":"Madonna (66 ans) ensorcelante dans un body transparent en dentelle qui d\u00e9voile sa sublime poitrine"},"content":{"rendered":"<p>\u00c0 66 ans, Madonna encha\u00eene les projets musicaux pour le plus grand bonheur de ses fans. Comme la sortie, le 25 juillet 2025, de Veronica Electronica, un album de remixes in\u00e9dits. Ou encore ce 1er ao\u00fbt dernier, avec une r\u00e9\u00e9dition de son tube \u00ab\u00a0Dress\u202fYou\u202fUp\u00a0\u00bb\u00a0(1985), en hommage <a href=\"https:\/\/www.grazia.fr\/culture\/cinema\/barbie-mattel-lance-enfin-une-poupee-inspiree-de-barbie-bizarre-787230.html\" rel=\"nofollow noopener\" target=\"_blank\">aux designers de Barbie<\/a>, Mario Paglino et Gianni Grossi, d\u00e9c\u00e9d\u00e9s. Et quatre jours plus tard, ce mardi, la reine de la pop a affol\u00e9 ses millions de fans en postant un clip vid\u00e9o accompagn\u00e9 de<strong> plusieurs photos issues d\u00a0\u00bbun shooting<\/strong> o\u00f9 la star appara\u00eet dans un body totalement transparent.<\/p>\n<p>    \u00c0 66 ans, Madonna manie \u00e0 la perfection le sulfureux <\/p>\n<p>\u00c0 66 ans, Madonna prouve une nouvelle fois que la mode n&rsquo;a rien \u00e0 voir avec l&rsquo;\u00e2ge. Si chacun de ses looks os\u00e9s traduits une libert\u00e9 totale, celui-ci est l&rsquo;un des plus provocateurs (et on adore). La chanteuse porte <strong>un body en lingerie avec un d\u00e9collet\u00e9 en dentelle,<\/strong> laissant entrevoir ses t\u00e9tons. Le tout assorti de longs gants noirs, d&rsquo;une multitude de colliers dor\u00e9s et argent\u00e9s et de cr\u00e9oles. L&rsquo;artiste porte un short et des collants noirs avec une paire d&rsquo;escarpins. Un look sexy qu&rsquo;elle met en avant dans un clip vid\u00e9o o\u00f9 elle danse sur la chanson \u00ab\u00a0Guess featuring Billie Eilish\u00a0\u00bb de <a href=\"https:\/\/www.grazia.fr\/mode\/beyonce-billie-eilish-leurs-vetements-sont-a-vendre-750744.html\" rel=\"nofollow noopener\" target=\"_blank\">Billie Eilish<\/a> et <a href=\"https:\/\/www.grazia.fr\/people\/bustier-echancrure-vertigineuse-et-voile-de-tulle-charli-xcx-sest-mariee-a-george-daniel-1173694.html\" rel=\"nofollow noopener\" target=\"_blank\">Charli xcx.<\/a><\/p>\n<blockquote class=\"instagram-media \" style=\"background: #ffffff;border: 0;margin: 1px;width: 100%;padding: 0;max-width: 500px;\" data-instgrm-permalink=\"https:\/\/www.instagram.com\/p\/DM_CjwICZvN\/?locale=fr_CA&amp;hl=ar&amp;img_index=1\" data-instgrm-version=\"14\"\/><p>    O\u00f9 shopper un body noir en dentelle avec poitrine apparente ? <\/p>\n<p data-start=\"115\" data-end=\"529\">Le body en dentelle noire est une pi\u00e8ce ma\u00eetresse de la lingerie f\u00e9minine, alliant sensualit\u00e9, audace et \u00e9l\u00e9gance. Lorsqu\u2019il laisse subtilement entrevoir la poitrine, ou bien carr\u00e9ment les t\u00e9tons, il devient un v\u00e9ritable manifeste de confiance en soi et de f\u00e9minit\u00e9 assum\u00e9e. <strong>Si vous \u00eates \u00e0 la recherche d\u2019un body noir<\/strong> en dentelle avec la poitrine apparente, les marques <a href=\"https:\/\/www.grazia.fr\/mode\/news-mode\/livy-presente-sa-premiere-lingerie-surmontee-dune-pierre-de-lithotherapie-98715.html\" rel=\"nofollow noopener\" target=\"_blank\">Livy<\/a>, Aubade et La Perla en ont plusieurs mod\u00e8les. Pour celles qui souhaitent tester ce type de body sans exploser leur budget, <a href=\"https:\/\/www.grazia.fr\/mode\/shopping\/parfait-pour-cet-ete-ce-maillot-de-bain-etam-a-moins-de-50e-respire-la-dolce-vita-1157075.html\" rel=\"nofollow noopener\" target=\"_blank\">Etam<\/a>, Undiz et H&amp;M offrent des mod\u00e8les tr\u00e8s abordables.<\/p>\n<p>                <script async src=\"\/\/www.instagram.com\/embed.js\"><\/script><\/p>\n","protected":false},"excerpt":{"rendered":"\u00c0 66 ans, Madonna encha\u00eene les projets musicaux pour le plus grand bonheur de ses fans. Comme la&hellip;\n","protected":false},"author":2,"featured_media":301750,"comment_status":"","ping_status":"","sticky":false,"template":"","format":"standard","meta":{"footnotes":""},"categories":[7],"tags":[1011,27,43,40,41,39,42,44],"class_list":{"0":"post-301749","1":"post","2":"type-post","3":"status-publish","4":"format-standard","5":"has-post-thumbnail","7":"category-sciences-et-technologies","8":"tag-fr","9":"tag-france","10":"tag-science","11":"tag-science-and-technology","12":"tag-sciences","13":"tag-sciences-et-technologies","14":"tag-technologies","15":"tag-technology"},"share_on_mastodon":{"url":"https:\/\/pubeurope.com\/@fr\/114985131418671587","error":""},"_links":{"self":[{"href":"https:\/\/www.europesays.com\/fr\/wp-json\/wp\/v2\/posts\/301749","targetHints":{"allow":["GET"]}}],"collection":[{"href":"https:\/\/www.europesays.com\/fr\/wp-json\/wp\/v2\/posts"}],"about":[{"href":"https:\/\/www.europesays.com\/fr\/wp-json\/wp\/v2\/types\/post"}],"author":[{"embeddable":true,"href":"https:\/\/www.europesays.com\/fr\/wp-json\/wp\/v2\/users\/2"}],"replies":[{"embeddable":true,"href":"https:\/\/www.europesays.com\/fr\/wp-json\/wp\/v2\/comments?post=301749"}],"version-history":[{"count":0,"href":"https:\/\/www.europesays.com\/fr\/wp-json\/wp\/v2\/posts\/301749\/revisions"}],"wp:featuredmedia":[{"embeddable":true,"href":"https:\/\/www.europesays.com\/fr\/wp-json\/wp\/v2\/media\/301750"}],"wp:attachment":[{"href":"https:\/\/www.europesays.com\/fr\/wp-json\/wp\/v2\/media?parent=301749"}],"wp:term":[{"taxonomy":"category","embeddable":true,"href":"https:\/\/www.europesays.com\/fr\/wp-json\/wp\/v2\/categories?post=301749"},{"taxonomy":"post_tag","embeddable":true,"href":"https:\/\/www.europesays.com\/fr\/wp-json\/wp\/v2\/tags?post=301749"}],"curies":[{"name":"wp","href":"https:\/\/api.w.org\/{rel}","templated":true}]}}