{"id":301761,"date":"2025-08-07T02:41:23","date_gmt":"2025-08-07T02:41:23","guid":{"rendered":"https:\/\/www.europesays.com\/fr\/301761\/"},"modified":"2025-08-07T02:41:23","modified_gmt":"2025-08-07T02:41:23","slug":"toulon-fievre-catarrhale-ovine-letat-maintient-son-engagement-et-appelle-a-la-vaccination","status":"publish","type":"post","link":"https:\/\/www.europesays.com\/fr\/301761\/","title":{"rendered":"TOULON : Fi\u00e8vre catarrhale ovine, l\u2019\u00c9tat maintient son engagement et appelle \u00e0 la vaccination"},"content":{"rendered":"<p><strong>Fi\u00e8vre catarrhale ovine, face \u00e0 l\u2019augmentation des foyers, l\u2019\u00c9tat maintient son engagement et appelle \u00e0 la vaccination.<\/strong><\/p>\n<p>En raison des conditions m\u00e9t\u00e9orologiques estivales, le nombre de foyers de Fi\u00e8vre catarrhale ovine (FCO) est en forte augmentation. Cette maladie est transmise aux bovins, ovins et caprins par des insectes piqueurs \u2013 les culico\u00efdes \u2013 dont l\u2019activit\u00e9 est actuellement plus importante. Le minist\u00e8re de l\u2019Agriculture et de la Souverainet\u00e9 alimentaire rappelle l\u2019importance de vacciner les animaux et met \u00e0 disposition des \u00e9leveurs d\u2019ovins des doses de vaccins efficaces contre le s\u00e9rotype 8 de la maladie.<\/p>\n<p><strong>Deux s\u00e9rotypes progressent en France<\/strong><\/p>\n<p>Deux s\u00e9rotypes de la FCO circulent actuellement en France continentale et engendrent des cas cliniques sur les animaux ruminants : le s\u00e9rotype 8 (FCO 8) et le s\u00e9rotype 3 (FCO 3).<br \/>Concernant la FCO 8, 682 foyers ont \u00e9t\u00e9 confirm\u00e9s entre le 1er juin au 28 juillet 2025, principalement r\u00e9partis dans le Grand Ouest (Bretagne et Pays de la Loire) et dans une moindre mesure en Bourgogne-Franche-Comt\u00e9. Le nombre de foyers est comparable \u00e0 celui de l\u2019an pass\u00e9.<br \/>Concernant la FCO 3, 487 foyers ont \u00e9t\u00e9 confirm\u00e9s sur la m\u00eame p\u00e9riode, principalement r\u00e9partis dans le Grand Ouest, en Bretagne et en Pyr\u00e9n\u00e9es-Atlantiques. Ce chiffre augmente rapidement. A noter qu\u2019en 2024, ce s\u00e9rotype 3 n\u2019\u00e9tait pas encore pr\u00e9sent en France \u00e0 cette p\u00e9riode.<br \/>Les donn\u00e9es sur les foyers recens\u00e9s (nombre, cartographie) sont mises \u00e0 jour sur le site internet du minist\u00e8re de l\u2019Agriculture et de la Souverainet\u00e9 alimentaire (MASA), accessibles sur le site du minist\u00e8re.<br \/>La vaccination : une protection efficace dont il faut se saisir Pour prot\u00e9ger les troupeaux de ruminants dans les r\u00e9gions expos\u00e9es, les \u00e9leveurs sont fortement incit\u00e9s \u00e0 vacciner leurs animaux contre ces deux s\u00e9rotypes de la FCO.<br \/>Le cheptel ovin de France m\u00e9tropolitaine, durement touch\u00e9 en 2024 notamment par la FCO 8, repr\u00e9sente 40 % des foyers en 2025. Le MASA a command\u00e9 en 2025 sept millions de doses de vaccins contre le s\u00e9rotype 8 de la FCO, permettant de vacciner l\u2019ensemble des \u00e9levages ovins. Les commandes de doses financ\u00e9es par l\u2019\u00c9tat sont ouvertes pour l\u2019ensemble des exploitations ovines de France m\u00e9tropolitaine. En r\u00e9duisant la circulation virale, cette vaccination b\u00e9n\u00e9ficiera \u00e9galement indirectement \u00e0 l\u2019ensemble des cheptels de ruminants. Les \u00e9leveurs souhaitant b\u00e9n\u00e9ficier de cette campagne vaccinale doivent se rapprocher de leur v\u00e9t\u00e9rinaire sanitaire qui se chargera de prescrire, commander et d\u00e9livrer les doses de vaccins du stock \u00c9tat.<br \/>Par ailleurs, l\u2019achat de doses de vaccins FCO 8 pour les bovins et de doses de vaccins FCO 3 pour bovins et ovins peut se faire sur le march\u00e9 priv\u00e9 aupr\u00e8s du v\u00e9t\u00e9rinaire sanitaire.<br \/>Le MASA rappelle que la vaccination est recommand\u00e9e, y compris dans les exploitations d\u00e9j\u00e0 touch\u00e9es par le virus. En effet, l\u2019ensemble des animaux ne sont pas contamin\u00e9s en m\u00eame temps, le vaccin peut permettre de prot\u00e9ger la partie du troupeau qui n\u2019est pas encore infect\u00e9e. De plus, pour les animaux d\u00e9j\u00e0 en incubation, la vaccination r\u00e9duit l\u2019excr\u00e9tion virale et diminue les sympt\u00f4mes.<\/p>\n<p>\u00ab Face \u00e0 l\u2019augmentation des foyers de Fi\u00e8vre Catarrhale Ovine, il est crucial de prot\u00e9ger d\u00e8s \u00e0 pr\u00e9sent les \u00e9levages de ruminants. Pour cela, une solution efficace existe : la vaccination. J\u2019appelle tous les \u00e9leveurs \u00e0 vacciner leurs troupeaux \u00bb <strong>Annie Genevard, ministre de l\u2019Agriculture et de la Souverainet\u00e9 alimentaire.<\/strong><\/p>\n","protected":false},"excerpt":{"rendered":"Fi\u00e8vre catarrhale ovine, face \u00e0 l\u2019augmentation des foyers, l\u2019\u00c9tat maintient son engagement et appelle \u00e0 la vaccination. En&hellip;\n","protected":false},"author":2,"featured_media":92560,"comment_status":"","ping_status":"","sticky":false,"template":"","format":"standard","meta":{"footnotes":""},"categories":[9619],"tags":[1111,11,1777,674,1011,27,12,882,25,2310],"class_list":{"0":"post-301761","1":"post","2":"type-post","3":"status-publish","4":"format-standard","5":"has-post-thumbnail","7":"category-toulon","8":"tag-actu","9":"tag-actualites","10":"tag-eu","11":"tag-europe","12":"tag-fr","13":"tag-france","14":"tag-news","15":"tag-provence-alpes-cote-dazur","16":"tag-republique-francaise","17":"tag-toulon"},"share_on_mastodon":{"url":"https:\/\/pubeurope.com\/@fr\/114985178397899661","error":""},"_links":{"self":[{"href":"https:\/\/www.europesays.com\/fr\/wp-json\/wp\/v2\/posts\/301761","targetHints":{"allow":["GET"]}}],"collection":[{"href":"https:\/\/www.europesays.com\/fr\/wp-json\/wp\/v2\/posts"}],"about":[{"href":"https:\/\/www.europesays.com\/fr\/wp-json\/wp\/v2\/types\/post"}],"author":[{"embeddable":true,"href":"https:\/\/www.europesays.com\/fr\/wp-json\/wp\/v2\/users\/2"}],"replies":[{"embeddable":true,"href":"https:\/\/www.europesays.com\/fr\/wp-json\/wp\/v2\/comments?post=301761"}],"version-history":[{"count":0,"href":"https:\/\/www.europesays.com\/fr\/wp-json\/wp\/v2\/posts\/301761\/revisions"}],"wp:featuredmedia":[{"embeddable":true,"href":"https:\/\/www.europesays.com\/fr\/wp-json\/wp\/v2\/media\/92560"}],"wp:attachment":[{"href":"https:\/\/www.europesays.com\/fr\/wp-json\/wp\/v2\/media?parent=301761"}],"wp:term":[{"taxonomy":"category","embeddable":true,"href":"https:\/\/www.europesays.com\/fr\/wp-json\/wp\/v2\/categories?post=301761"},{"taxonomy":"post_tag","embeddable":true,"href":"https:\/\/www.europesays.com\/fr\/wp-json\/wp\/v2\/tags?post=301761"}],"curies":[{"name":"wp","href":"https:\/\/api.w.org\/{rel}","templated":true}]}}