{"id":301763,"date":"2025-08-07T02:47:38","date_gmt":"2025-08-07T02:47:38","guid":{"rendered":"https:\/\/www.europesays.com\/fr\/301763\/"},"modified":"2025-08-07T02:47:38","modified_gmt":"2025-08-07T02:47:38","slug":"sans-club-depuis-un-an-lancien-grenoblois-feghouli-signe-en-irak","status":"publish","type":"post","link":"https:\/\/www.europesays.com\/fr\/301763\/","title":{"rendered":"sans club depuis un an, l\u2019ancien Grenoblois Feghouli signe en Irak"},"content":{"rendered":"<p>Sofiane Feghouli, milieu de terrain form\u00e9 \u00e0 Grenoble, rejoint officiellement l\u2019Amanat Baghdad, en Irak. L\u2019Alg\u00e9rien \u00e9tait sans club depuis un an et son d\u00e9part du Fatih Karag\u00fcmr\u00fck.<\/p>\n<p class=\"fig-paragraph\">Une destination pour le moins surprenante. Sofiane Feghouli, form\u00e9 \u00e0 Grenoble et sans club depuis un an, s\u2019est engag\u00e9 avec l\u2019Amanat Bagdad, tout juste promu en premi\u00e8re division irakienne. \u00c0 35 ans, c\u2019est probablement le dernier d\u00e9fi de la carri\u00e8re de l\u2019international\u00a0<a href=\"http:\/\/www.lefigaro.fr\/sports\/football\/foot-la-fff-l-ogc-nice-et-le-paris-fc-demandent-la-liberation-du-journaliste-francais-christophe-gleizes-emprisonne-en-algerie-20250704\" data-fig-type=\"NewsFlash\" data-gtm-custom-categorie=\"navigation\" data-gtm-custom-action=\"crossclick\" data-gtm-custom-label=\"Contextuel\" data-gtm-event=\"customEventSPE\" data-fig-domain=\"LEFIGARO\" rel=\"nofollow noopener\" target=\"_blank\">alg\u00e9rien\u00a0<\/a>(82 s\u00e9lections pour 19 buts).<\/p>\n<p class=\"fig-paragraph\">Son nouveau club s\u2019est r\u00e9joui de son arriv\u00e9e sur Instagram\u00a0: \u00abnous \u00e9crivons un nouveau chapitre dans l\u2019histoire du football irakien, avec une star de l\u2019envergure de Feghouli qui arrive dans notre ligue\u00bb. Plusieurs commentaires \u00e9logieux \u00e9voquent m\u00eame le \u00abtransfert le plus important de l\u2019histoire du championnat irakien\u00bb.<\/p>\n<p>                                    <a class=\"fig-a11y-skip a11y-hidden\" href=\"#fig-a11y-skip-main-inarticle\"><br \/>\n        Passer la publicit\u00e9<br \/>\n    <\/a><\/p>\n<p>Objectif CAN 2025<\/p>\n<p class=\"fig-paragraph\">Feghouli, form\u00e9 \u00e0 Grenoble, \u00e9tait libre depuis son d\u00e9part du club turc du Fatih Karag\u00fcmr\u00fck \u00e0 l\u2019\u00e9t\u00e9 2024. Il est surtout connu pour ses passages r\u00e9ussis \u00e0 Valence (de 2010 \u00e0 2016) et \u00e0 Galatasaray (entre 2017 et 2022). En signant en Irak, le milieu de terrain esp\u00e8re sans doute se voir offrir beaucoup de temps de jeu afin d\u2019\u00eatre s\u00e9lectionn\u00e9 pour la CAN, organis\u00e9e au Maroc entre le 21 d\u00e9cembre 2025 et le 18 janvier 2026.<\/p>\n","protected":false},"excerpt":{"rendered":"Sofiane Feghouli, milieu de terrain form\u00e9 \u00e0 Grenoble, rejoint officiellement l\u2019Amanat Baghdad, en Irak. L\u2019Alg\u00e9rien \u00e9tait sans club&hellip;\n","protected":false},"author":2,"featured_media":301764,"comment_status":"","ping_status":"","sticky":false,"template":"","format":"standard","meta":{"footnotes":""},"categories":[9566],"tags":[1111,11,2430,1777,674,1011,27,2731,4366,1434,12,25],"class_list":{"0":"post-301763","1":"post","2":"type-post","3":"status-publish","4":"format-standard","5":"has-post-thumbnail","7":"category-grenoble","8":"tag-actu","9":"tag-actualites","10":"tag-auvergne-rhone-alpes","11":"tag-eu","12":"tag-europe","13":"tag-fr","14":"tag-france","15":"tag-grenoble","16":"tag-irak","17":"tag-mercato","18":"tag-news","19":"tag-republique-francaise"},"share_on_mastodon":{"url":"https:\/\/pubeurope.com\/@fr\/114985201987903266","error":""},"_links":{"self":[{"href":"https:\/\/www.europesays.com\/fr\/wp-json\/wp\/v2\/posts\/301763","targetHints":{"allow":["GET"]}}],"collection":[{"href":"https:\/\/www.europesays.com\/fr\/wp-json\/wp\/v2\/posts"}],"about":[{"href":"https:\/\/www.europesays.com\/fr\/wp-json\/wp\/v2\/types\/post"}],"author":[{"embeddable":true,"href":"https:\/\/www.europesays.com\/fr\/wp-json\/wp\/v2\/users\/2"}],"replies":[{"embeddable":true,"href":"https:\/\/www.europesays.com\/fr\/wp-json\/wp\/v2\/comments?post=301763"}],"version-history":[{"count":0,"href":"https:\/\/www.europesays.com\/fr\/wp-json\/wp\/v2\/posts\/301763\/revisions"}],"wp:featuredmedia":[{"embeddable":true,"href":"https:\/\/www.europesays.com\/fr\/wp-json\/wp\/v2\/media\/301764"}],"wp:attachment":[{"href":"https:\/\/www.europesays.com\/fr\/wp-json\/wp\/v2\/media?parent=301763"}],"wp:term":[{"taxonomy":"category","embeddable":true,"href":"https:\/\/www.europesays.com\/fr\/wp-json\/wp\/v2\/categories?post=301763"},{"taxonomy":"post_tag","embeddable":true,"href":"https:\/\/www.europesays.com\/fr\/wp-json\/wp\/v2\/tags?post=301763"}],"curies":[{"name":"wp","href":"https:\/\/api.w.org\/{rel}","templated":true}]}}