{"id":301767,"date":"2025-08-07T02:52:17","date_gmt":"2025-08-07T02:52:17","guid":{"rendered":"https:\/\/www.europesays.com\/fr\/301767\/"},"modified":"2025-08-07T02:52:17","modified_gmt":"2025-08-07T02:52:17","slug":"le-racing-corrige-7-1-face-a-stuttgart-lors-dune-opposition-a-huis-clos-alsasports","status":"publish","type":"post","link":"https:\/\/www.europesays.com\/fr\/301767\/","title":{"rendered":"Le Racing corrig\u00e9 7-1 face \u00e0 Stuttgart lors d&rsquo;une opposition \u00e0 huis clos \u2014 Alsa&rsquo;Sports"},"content":{"rendered":"<p><strong>Strasbourg a \u00e9t\u00e9 s\u00e8chement battu (7-1) contre Stuttgart lors d\u2019un premier match amical ce mercredi apr\u00e8s-midi, quelques minutes avant que l\u2019autre moiti\u00e9 de l\u2019effectif ne l\u2019emporte \u00e0 Graz (2-3). <\/strong><\/p>\n<p>Cela devait \u00eatre une opposition \u00e0 l\u2019abri de tous les regards \u00e0 l\u2019occasion d\u2019un huis clos total, sans public ni presse. Ce mercredi apr\u00e8s-midi (16h30), la moiti\u00e9 de l\u2019effectif du Racing Club de Strasbourg a disput\u00e9 une rencontre amicale contre le VFB Stuttgart sur leur terrain d\u2019entra\u00eenement en Allemagne, et a \u00e9t\u00e9 s\u00e8chement corrig\u00e9e 7-1 par les locaux. Le journaliste allemand Leon Potuzhek s\u2019est tout de m\u00eame rendu sur place pour relayer les principales informations du match, confirm\u00e9es par les DNA quelques minutes plus tard.<\/p>\n<p>Un onze de d\u00e9part concoct\u00e9 par Liam Rosenior \u00e9quivalent \u00e0 celui align\u00e9 \u00e0 Graz par Justin Walker deux heures plus tard : Johnsson, Doukour\u00e9 (cap), Sarr, Oyedele, Samuels-Smith, Nzingoula, Ouattara, Paez, Nanasi, Messi, Mara. Strasbourg \u00e9tait men\u00e9 3-1 \u00e0 l\u2019heure de jeu (but de Rayane Messi) lorsque plusieurs jeunes joueurs sont entr\u00e9s et pr\u00e9cipit\u00e9 le lourd revers qui a suivi, face \u00ab\u00a0\u00e0 la grosse \u00e9quipe de Stuttgart\u00a0\u00bb. Un score qui para\u00eetra quoi qu\u2019il arrive anecdotique, l\u2019enjeu de cette journ\u00e9e particuli\u00e8re ayant \u00e9t\u00e9 de donner un maximum de minutes \u00e0 l\u2019ensemble de l\u2019effectif lors de deux matches distincts. Le groupe doit monter en intensit\u00e9 \u00e0 onze jours de la reprise de la Ligue 1 \u00e0 Metz. <\/p>\n","protected":false},"excerpt":{"rendered":"Strasbourg a \u00e9t\u00e9 s\u00e8chement battu (7-1) contre Stuttgart lors d\u2019un premier match amical ce mercredi apr\u00e8s-midi, quelques minutes&hellip;\n","protected":false},"author":2,"featured_media":301768,"comment_status":"","ping_status":"","sticky":false,"template":"","format":"standard","meta":{"footnotes":""},"categories":[2820],"tags":[1111,11,1777,674,63,1011,27,775,12,4448,25,640],"class_list":{"0":"post-301767","1":"post","2":"type-post","3":"status-publish","4":"format-standard","5":"has-post-thumbnail","7":"category-strasbourg","8":"tag-actu","9":"tag-actualites","10":"tag-eu","11":"tag-europe","12":"tag-football","13":"tag-fr","14":"tag-france","15":"tag-grand-est","16":"tag-news","17":"tag-rc-strasbourg","18":"tag-republique-francaise","19":"tag-strasbourg"},"share_on_mastodon":{"url":"https:\/\/pubeurope.com\/@fr\/114985221795379196","error":""},"_links":{"self":[{"href":"https:\/\/www.europesays.com\/fr\/wp-json\/wp\/v2\/posts\/301767","targetHints":{"allow":["GET"]}}],"collection":[{"href":"https:\/\/www.europesays.com\/fr\/wp-json\/wp\/v2\/posts"}],"about":[{"href":"https:\/\/www.europesays.com\/fr\/wp-json\/wp\/v2\/types\/post"}],"author":[{"embeddable":true,"href":"https:\/\/www.europesays.com\/fr\/wp-json\/wp\/v2\/users\/2"}],"replies":[{"embeddable":true,"href":"https:\/\/www.europesays.com\/fr\/wp-json\/wp\/v2\/comments?post=301767"}],"version-history":[{"count":0,"href":"https:\/\/www.europesays.com\/fr\/wp-json\/wp\/v2\/posts\/301767\/revisions"}],"wp:featuredmedia":[{"embeddable":true,"href":"https:\/\/www.europesays.com\/fr\/wp-json\/wp\/v2\/media\/301768"}],"wp:attachment":[{"href":"https:\/\/www.europesays.com\/fr\/wp-json\/wp\/v2\/media?parent=301767"}],"wp:term":[{"taxonomy":"category","embeddable":true,"href":"https:\/\/www.europesays.com\/fr\/wp-json\/wp\/v2\/categories?post=301767"},{"taxonomy":"post_tag","embeddable":true,"href":"https:\/\/www.europesays.com\/fr\/wp-json\/wp\/v2\/tags?post=301767"}],"curies":[{"name":"wp","href":"https:\/\/api.w.org\/{rel}","templated":true}]}}