{"id":30177,"date":"2025-04-16T22:57:14","date_gmt":"2025-04-16T22:57:14","guid":{"rendered":"https:\/\/www.europesays.com\/fr\/30177\/"},"modified":"2025-04-16T22:57:14","modified_gmt":"2025-04-16T22:57:14","slug":"pour-la-premiere-fois-depuis-des-annees-la-france-est-le-pays-europeen-qui-a-recu-le-plus-de-demandes-dasile-sur-un-mois","status":"publish","type":"post","link":"https:\/\/www.europesays.com\/fr\/30177\/","title":{"rendered":"pour la premi\u00e8re fois depuis des ann\u00e9es, la France est le pays europ\u00e9en qui a re\u00e7u le plus de demandes d\u2019asile sur un mois"},"content":{"rendered":"<p>La France a d\u00e9tr\u00f4n\u00e9 l\u2019Allemagne au mois de f\u00e9vrier, notamment en raison du durcissement de la politique migratoire outre-Rhin.<\/p>\n<p class=\"fig-paragraph\">Une premi\u00e8re depuis au moins cinq ans. La\u00a0<a href=\"http:\/\/www.lefigaro.fr\/faits-divers\/qui-se-cache-derriere-le-mysterieux-mouvement-ddpf-tague-sur-plusieurs-prisons-de-france-20250416\" data-fig-type=\"NewsFlash\" data-gtm-custom-categorie=\"navigation\" data-gtm-custom-action=\"crossclick\" data-gtm-custom-label=\"Contextuel\" data-gtm-event=\"customEventSPE\" data-fig-domain=\"LEFIGARO\" rel=\"nofollow noopener\" target=\"_blank\">France<\/a>\u00a0est le pays de l\u2019<a href=\"http:\/\/www.lefigaro.fr\/actualite-france\/subventions-aux-ong-l-union-europeenne-perd-la-trace-de-milliards-d-euros-20250416\" data-fig-type=\"NewsFlash\" data-gtm-custom-categorie=\"navigation\" data-gtm-custom-action=\"crossclick\" data-gtm-custom-label=\"Contextuel\" data-gtm-event=\"customEventSPE\" data-fig-domain=\"LEFIGARO\" rel=\"nofollow noopener\" target=\"_blank\">Union europ\u00e9enne<\/a>\u00a0qui a re\u00e7u le plus de\u00a0<a href=\"http:\/\/www.lefigaro.fr\/international\/immigration-de-nouvelles-regles-europeennes-pour-traiter-les-demandes-d-asile-20250416\" data-fig-type=\"Article\" data-gtm-custom-categorie=\"navigation\" data-gtm-custom-action=\"crossclick\" data-gtm-custom-label=\"Contextuel\" data-gtm-event=\"customEventSPE\" data-fig-domain=\"LEFIGARO\" rel=\"nofollow noopener\" target=\"_blank\">demandes d\u2019asile<\/a>\u00a0sur un mois, en f\u00e9vrier 2025, avec 13.065 candidatures, devant l\u2019Espagne (12.975) et l\u2019<a href=\"http:\/\/www.lefigaro.fr\/international\/en-allemagne-friedrich-merz-promet-un-gouvernement-debut-mai-20250409\" data-fig-type=\"Article\" data-gtm-custom-categorie=\"navigation\" data-gtm-custom-action=\"crossclick\" data-gtm-custom-label=\"Contextuel\" data-gtm-event=\"customEventSPE\" data-fig-domain=\"LEFIGARO\" rel=\"nofollow noopener\" target=\"_blank\">Allemagne<\/a>\u00a0(12.775), selon les derni\u00e8res donn\u00e9es disponibles de l\u2019agence\u00a0<a href=\"https:\/\/ec.europa.eu\/eurostat\/databrowser\/view\/tps00189\/default\/table?lang=en\" target=\"_blank\" rel=\"noopener nofollow\" data-gtm-custom-categorie=\"navigation\" data-gtm-custom-action=\"crossclick\" data-gtm-custom-label=\"Contextuel\" data-gtm-event=\"customEventSPE\">Eurostat<\/a>. Ces trois pays sont loin devant la\u00a0<a href=\"http:\/\/www.lefigaro.fr\/actualite-france\/la-france-devrait-regarder-ce-qu-il-se-passe-chez-nous-vous-ne-serez-pas-epargnes-comment-l-islam-s-est-impose-en-belgique-20250321\" data-fig-type=\"Article\" data-gtm-custom-categorie=\"navigation\" data-gtm-custom-action=\"crossclick\" data-gtm-custom-label=\"Contextuel\" data-gtm-event=\"customEventSPE\" data-fig-domain=\"LEFIGARO\" rel=\"nofollow noopener\" target=\"_blank\">Belgique<\/a>\u00a0(3060), la Suisse (1755) ou la Pologne (1695).<\/p>\n<p class=\"fig-paragraph\">Le nombre de demandes d\u2019asile pour la France est pourtant rest\u00e9 stable ces derniers mois, malgr\u00e9 un pic \u00e0 15.500 en octobre 2024. Mais l\u2019Allemagne a vu le sien radicalement diminuer, passant de 21.215 demandes en juillet 2024 \u00e0 10.630 en ce mois de mars 2025, soit une baisse de 50%.<\/p>\n<p>Durcissement en Allemagne<\/p>\n<p class=\"fig-paragraph\">En cause, le durcissement de la politique migratoire de l\u2019Allemagne, endeuill\u00e9e par de multiples attaques, dont celles de\u00a0<a href=\"http:\/\/www.lefigaro.fr\/international\/et-puis-a-un-metre-de-moi-une-personne-est-tombee-a-solingen-le-festival-de-la-diversite-s-est-transforme-en-carnage-20240824\" data-fig-type=\"NewsFlash\" data-gtm-custom-categorie=\"navigation\" data-gtm-custom-action=\"crossclick\" data-gtm-custom-label=\"Contextuel\" data-gtm-event=\"customEventSPE\" data-fig-domain=\"LEFIGARO\" rel=\"nofollow noopener\" target=\"_blank\">Solingen<\/a>\u00a0et de\u00a0<a href=\"http:\/\/www.lefigaro.fr\/international\/en-allemagne-douleur-et-polemiques-deux-mois-apres-l-attentat-de-magdebourg-20250219\" data-fig-type=\"Article\" data-gtm-custom-categorie=\"navigation\" data-gtm-custom-action=\"crossclick\" data-gtm-custom-label=\"Contextuel\" data-gtm-event=\"customEventSPE\" data-fig-domain=\"LEFIGARO\" rel=\"nofollow noopener\" target=\"_blank\">Magdebourg<\/a>. \u00c0 Solingen en ao\u00fbt dernier, un ressortissant syrien avait tu\u00e9 trois personnes et fait plusieurs bless\u00e9s lors d\u2019une f\u00eate communale. Sur le march\u00e9 de No\u00ebl de Magdebourg en d\u00e9cembre, un m\u00e9decin saoudien de 50 ans avait fonc\u00e9 sur la foule, faisant six morts et quelque 300 bless\u00e9s.<\/p>\n<p class=\"fig-paragraph\">\u00c0 la suite de ces deux attentats, le gouvernement du chancelier\u00a0<a href=\"http:\/\/www.lefigaro.fr\/international\/allemagne-olaf-scholz-annonce-que-les-controles-aux-frontieres-sont-prolonges-de-six-mois-20250212\" data-fig-type=\"NewsFlash\" data-gtm-custom-categorie=\"navigation\" data-gtm-custom-action=\"crossclick\" data-gtm-custom-label=\"Contextuel\" data-gtm-event=\"customEventSPE\" data-fig-domain=\"LEFIGARO\" rel=\"nofollow noopener\" target=\"_blank\">Olaf Scholz<\/a>\u00a0a adopt\u00e9 diverses mesures visant \u00e0 restreindre l\u2019immigration: contr\u00f4les des fronti\u00e8res nationales, refoulement des r\u00e9fugi\u00e9s ill\u00e9gaux, limitation des aides financi\u00e8res aux immigr\u00e9s entr\u00e9s depuis un autre pays de l\u2019UE, expulsions des criminels \u00e9trangers facilit\u00e9es&#8230;<\/p>\n<p>Attractivit\u00e9 de la France<\/p>\n<p class=\"fig-paragraph\">Autant de d\u00e9crets, d\u2019arr\u00eat\u00e9s et de lois qui n\u2019ont pas \u00e9t\u00e9 pris en France, faisant de l\u2019Hexagone un pays toujours aussi attractif pour les migrants extra-europ\u00e9ens. D\u2019apr\u00e8s une r\u00e9cente \u00e9tude de la\u00a0<a href=\"https:\/\/www.fondapol.org\/etude\/immigration-comment-font-les-etats-europeens\/\" target=\"_blank\" rel=\"noopener nofollow\" data-gtm-custom-categorie=\"navigation\" data-gtm-custom-action=\"crossclick\" data-gtm-custom-label=\"Contextuel\" data-gtm-event=\"customEventSPE\">Fondapol<\/a>, la France est effectivement le pays europ\u00e9en qui accorde les prestations sociales les plus \u00e9lev\u00e9es aux demandeurs d\u2019asile ne pouvant \u00eatre plac\u00e9s en centre d\u2019h\u00e9bergement (426 euros par mois, contre 367 en Allemagne, 365 en Autriche, 348 euros en Finlande ou 201 euros en Su\u00e8de). \u00ab\u00c0 titre indicatif, le revenu annuel net par habitant\u00a0est de 475 dollars en Afghanistan, 1999 dollars au Bangladesh et 417 dollars en R\u00e9publique d\u00e9mocratique du Congo, qui sont trois des cinq principaux pays de provenance des demandeurs d\u2019asile\u00bb, poursuit l\u2019organisme.<\/p>\n<p class=\"fig-paragraph\">Les \u00e9trangers en situation irr\u00e9guli\u00e8re peuvent \u00e9galement b\u00e9n\u00e9ficier de soins m\u00e9dicaux et hospitaliers sans frais, gr\u00e2ce \u00e0 l\u2019<a href=\"http:\/\/www.lefigaro.fr\/marseille\/une-injustice-medicale-mal-indemnisees-les-victimes-du-dentiste-boucher-lionel-guedj-appellent-l-etat-a-l-aide-20250201\" data-fig-type=\"NewsFlash\" data-gtm-custom-categorie=\"navigation\" data-gtm-custom-action=\"crossclick\" data-gtm-custom-label=\"Contextuel\" data-gtm-event=\"customEventSPE\" data-fig-domain=\"LEFIGARO\" rel=\"nofollow noopener\" target=\"_blank\">Aide m\u00e9dicale d\u2019\u00c9tat<\/a>, une exception fran\u00e7aise puisque \u00abdans l\u2019ensemble des pays europ\u00e9ens, en dehors de l\u2019aide d\u2019urgence, lorsque la vie de la personne est en danger, un sans-papiers ne peut pr\u00e9tendre \u00e0 la gratuit\u00e9 des soins et un \u00e9tranger demandeur d\u2019asile acc\u00e8de \u00e0 un syst\u00e8me de soins d\u2019une qualit\u00e9 inf\u00e9rieure \u00e0 celle des nationaux\u00bb, explique la Fondapol. L\u2019AME a d\u2019ailleurs co\u00fbt\u00e9 1,2 milliard d\u2019euros \u00e0 l\u2019\u00c9tat en 2024. Autant d\u2019avantages qui font que la \u00abFrance peut aujourd\u2019hui \u00eatre consid\u00e9r\u00e9e en mati\u00e8re d\u2019asile et d\u2019immigration comme l\u2019\u00c9tat le plus permissif de l\u2019Union europ\u00e9enne\u00bb, conclut le laboratoire d\u2019id\u00e9es.<\/p>\n<p>\u00a0\u00bb<br \/>\n        data-script=\u00a0\u00bbhttps:\/\/static.lefigaro.fr\/widget-video\/short-ttl\/video\/index.js\u00a0\u00bb<br \/>\n    &gt;<\/p>\n","protected":false},"excerpt":{"rendered":"La France a d\u00e9tr\u00f4n\u00e9 l\u2019Allemagne au mois de f\u00e9vrier, notamment en raison du durcissement de la politique migratoire&hellip;\n","protected":false},"author":2,"featured_media":30178,"comment_status":"","ping_status":"","sticky":false,"template":"","format":"standard","meta":{"footnotes":""},"categories":[1586],"tags":[47,1058,1054,1059,1060,1055,11,10443,1057,1777,674,1779,118,1011,27,1061,303,12,1062,25,656,104,1056,1778,364,809],"class_list":{"0":"post-30177","1":"post","2":"type-post","3":"status-publish","4":"format-standard","5":"has-post-thumbnail","7":"category-europe","8":"tag-actualite","9":"tag-actualite-education","10":"tag-actualite-france","11":"tag-actualite-justice","12":"tag-actualite-securite","13":"tag-actualite-societe","14":"tag-actualites","15":"tag-asile","16":"tag-education","17":"tag-eu","18":"tag-europe","19":"tag-european-union","20":"tag-faits-divers","21":"tag-fr","22":"tag-france","23":"tag-immigration","24":"tag-justice","25":"tag-news","26":"tag-polemique","27":"tag-republique-francaise","28":"tag-securite","29":"tag-societe","30":"tag-societe-francaise","31":"tag-ue","32":"tag-union-europeenne","33":"tag-violence"},"share_on_mastodon":{"url":"https:\/\/pubeurope.com\/@fr\/114350118905227823","error":""},"_links":{"self":[{"href":"https:\/\/www.europesays.com\/fr\/wp-json\/wp\/v2\/posts\/30177","targetHints":{"allow":["GET"]}}],"collection":[{"href":"https:\/\/www.europesays.com\/fr\/wp-json\/wp\/v2\/posts"}],"about":[{"href":"https:\/\/www.europesays.com\/fr\/wp-json\/wp\/v2\/types\/post"}],"author":[{"embeddable":true,"href":"https:\/\/www.europesays.com\/fr\/wp-json\/wp\/v2\/users\/2"}],"replies":[{"embeddable":true,"href":"https:\/\/www.europesays.com\/fr\/wp-json\/wp\/v2\/comments?post=30177"}],"version-history":[{"count":0,"href":"https:\/\/www.europesays.com\/fr\/wp-json\/wp\/v2\/posts\/30177\/revisions"}],"wp:featuredmedia":[{"embeddable":true,"href":"https:\/\/www.europesays.com\/fr\/wp-json\/wp\/v2\/media\/30178"}],"wp:attachment":[{"href":"https:\/\/www.europesays.com\/fr\/wp-json\/wp\/v2\/media?parent=30177"}],"wp:term":[{"taxonomy":"category","embeddable":true,"href":"https:\/\/www.europesays.com\/fr\/wp-json\/wp\/v2\/categories?post=30177"},{"taxonomy":"post_tag","embeddable":true,"href":"https:\/\/www.europesays.com\/fr\/wp-json\/wp\/v2\/tags?post=30177"}],"curies":[{"name":"wp","href":"https:\/\/api.w.org\/{rel}","templated":true}]}}