{"id":301791,"date":"2025-08-07T03:10:28","date_gmt":"2025-08-07T03:10:28","guid":{"rendered":"https:\/\/www.europesays.com\/fr\/301791\/"},"modified":"2025-08-07T03:10:28","modified_gmt":"2025-08-07T03:10:28","slug":"lhomme-qui-a-allume-sa-cigarette-sur-la-tombe-du-soldat-inconnu-va-voir-son-titre-de-sejour-lui-etre-retire","status":"publish","type":"post","link":"https:\/\/www.europesays.com\/fr\/301791\/","title":{"rendered":"L\u2019homme qui a allum\u00e9 sa cigarette sur la tombe du Soldat inconnu va voir son titre de s\u00e9jour lui \u00eatre retir\u00e9"},"content":{"rendered":"<p class=\"paragraph text_align_left lp-f-body-02\">Son geste a choqu\u00e9, jusqu\u2019au gouvernement. Le titre de s\u00e9jour de l\u2019homme <a href=\"https:\/\/www.leparisien.fr\/paris-75\/paris-un-homme-allume-sa-cigarette-sur-la-tombe-du-soldat-inconnu-05-08-2025-SKF3KWCTTZBUHLDMKEYLSEY2M4.php\" target=\"_blank\" rel=\"noreferrer nofollow noopener\">qui a allum\u00e9 lundi sa cigarette sur la tombe du Soldat inconnu<\/a>, sous l\u2019Arc de Triomphe (VIIIe arrondissement) va lui \u00eatre retir\u00e9 par le ministre de l\u2019Int\u00e9rieur Bruno Retailleau, indique ce mercredi la place Beauvau, confirmant une information <a href=\"https:\/\/www.europe1.fr\/politique\/info-europe-1-bruno-retailleau-va-retirer-le-titre-de-sejour-du-marocain-qui-a-profane-la-tombe-du-soldat-inconnu-768332\" target=\"_blank\" rel=\"nofollow noopener\">d\u2019Europe 1<\/a>.<\/p>\n<p class=\"paragraph text_align_left lp-f-body-02\">Selon la radio et le magazine <a href=\"https:\/\/x.com\/AmauryBrelet\/status\/1952858797745299754\" target=\"_blank\" rel=\"noreferrer nofollow\">Valeurs Actuelles<\/a>, il s\u2019agit d\u2019un Marocain de 47 ans en situation r\u00e9guli\u00e8re sur le territoire fran\u00e7ais jusqu\u2019en octobre 2025, d\u00e9j\u00e0 connu des services de police et de la justice. Il a reconnu les faits apr\u00e8s son interpellation et se trouve toujours en garde \u00e0 vue, selon le parquet.<\/p>\n<p class=\"paragraph text_align_left lp-f-body-02\">Il est suspect\u00e9 de violation de s\u00e9pulture, tombeau, urne cin\u00e9raire ou monument \u00e9difi\u00e9 \u00e0 la m\u00e9moire des morts (article 225-17).<\/p>\n<p>Un \u00ab geste indigne et mis\u00e9rable \u00bb, selon Bruno Retailleau<\/p>\n<p class=\"paragraph text_align_left lp-f-body-02\">Sur une vid\u00e9o relay\u00e9e mardi par plusieurs comptes sur le r\u00e9seau social X, un homme s\u2019accroupit pr\u00e8s de la flamme du Soldat inconnu, sous l\u2019Arc de Triomphe \u00e0 Paris, pour y allumer une cigarette et repart tranquillement, sous le regard de quelques touristes. Ces images ont suscit\u00e9 l\u2019indignation sur les r\u00e9seaux sociaux.<\/p>\n<p class=\"lp-card-podcast-highlighting__title  lp-f-subtitle-05\">[2\/4] C\u00e9cile Vallin, les secrets d\u2019une disparition <\/p>\n<p class=\"lp-card-podcast-highlighting__description lp-f-ui-05\">Crime story raconte chaque semaine les grandes affaires criminelles.<\/p>\n<p><a class=\"lp-card-podcast-highlighting__call-to-action\" data-page-type=\"HP\" data-block-name=\"podcast-highlight\">\u00c9couter<\/a><\/p>\n<p class=\"paragraph text_align_left lp-f-body-02\">\u00ab Ce geste, indigne et mis\u00e9rable, porte atteinte \u00e0 la m\u00e9moire de ceux qui sont morts pour la France \u00bb, a d\u00e9nonc\u00e9 le ministre de l\u2019Int\u00e9rieur sur X.<\/p>\n<blockquote class=\"twitter-tweet\">\n<p lang=\"fr\" dir=\"ltr\">L\u2019homme qui a profan\u00e9 la tombe du Soldat inconnu en allumant une cigarette avec la flamme du souvenir a \u00e9t\u00e9 interpell\u00e9 \u00e0 Paris pour violation de s\u00e9pulture, tombeau, urne ou monument \u00e9difi\u00e9 \u00e0 la m\u00e9moire des morts. Il a \u00e9t\u00e9 plac\u00e9 en garde \u00e0 vue et a reconnu les faits. \u00c0 la suite du\u2026<\/p>\n<p>\u2014 Bruno Retailleau (@BrunoRetailleau) <a href=\"https:\/\/twitter.com\/BrunoRetailleau\/status\/1952800742001262941?ref_src=twsrc%5Etfw\" rel=\"nofollow noopener\" target=\"_blank\">August 5, 2025<\/a><\/p><\/blockquote>\n<p class=\"paragraph text_align_left lp-f-body-02\">Patricia Mirall\u00e8s, ministre d\u00e9l\u00e9gu\u00e9e charg\u00e9e de la M\u00e9moire et des Anciens Combattants, a \u00e9galement saisi la justice, selon un message qu\u2019elle a post\u00e9 <a href=\"https:\/\/x.com\/MIRALLESMP\/status\/1952733708693237912\" target=\"_blank\" rel=\"noreferrer nofollow\">sur X<\/a>, d\u00e9plorant \u00ab un geste d\u2019une ind\u00e9cence inacceptable \u00bb. \u00ab On ne bafoue pas impun\u00e9ment la m\u00e9moire de la France \u00bb, a-t-elle soulign\u00e9.<\/p>\n<p>\u00ab Il n\u2019avait pas l\u2019air d\u2019\u00eatre alcoolis\u00e9 \u00bb<\/p>\n<p class=\"paragraph text_align_left lp-f-body-02\"><a href=\"https:\/\/www.lefigaro.fr\/flash-actu\/c-est-une-insulte-a-la-nation-un-homme-allume-sa-cigarette-avec-la-flamme-du-soldat-inconnu-20250805\" target=\"_blank\" rel=\"noreferrer nofollow noopener\">Le Figaro<\/a> affirme que la sc\u00e8ne a \u00e9t\u00e9 film\u00e9e par une touriste lettone de passage \u00e0 Paris \u00ab lundi 4 ao\u00fbt peu avant 21 heures, et post\u00e9e pour la premi\u00e8re fois sur le r\u00e9seau social TikTok dans la foul\u00e9e, avant d\u2019\u00eatre massivement partag\u00e9e \u00bb. \u00ab Il n\u2019avait pas l\u2019air d\u2019\u00eatre alcoolis\u00e9 ou sous l\u2019emprise de la drogue. Au contraire, il \u00e9tait manifestement conscient de ce qu\u2019il faisait, et fier de l\u2019avoir fait \u00bb, a t\u00e9moign\u00e9 celle qui se pr\u00e9sente comme l\u2019autrice de la vid\u00e9o au Figaro.<\/p>\n<p class=\"paragraph text_align_left lp-f-body-02\">La s\u00e9pulture du Soldat inconnu est install\u00e9e sous l\u2019Arc de Triomphe depuis le 11 novembre 1920 \u00e0 la m\u00e9moire des soldats morts pour la France lors de la Premi\u00e8re Guerre mondiale.<\/p>\n<p><script async src=\"https:\/\/platform.twitter.com\/widgets.js\" charset=\"utf-8\"><\/script><\/p>\n","protected":false},"excerpt":{"rendered":"Son geste a choqu\u00e9, jusqu\u2019au gouvernement. Le titre de s\u00e9jour de l\u2019homme qui a allum\u00e9 lundi sa cigarette&hellip;\n","protected":false},"author":2,"featured_media":299260,"comment_status":"","ping_status":"","sticky":false,"template":"","format":"standard","meta":{"footnotes":""},"categories":[1888],"tags":[1111,1928,11,1927,1777,674,118,1011,27,12,1926,626,1925,25],"class_list":{"0":"post-301791","1":"post","2":"type-post","3":"status-publish","4":"format-standard","5":"has-post-thumbnail","7":"category-paris","8":"tag-actu","9":"tag-actu-paris","10":"tag-actualites","11":"tag-actualites-paris","12":"tag-eu","13":"tag-europe","14":"tag-faits-divers","15":"tag-fr","16":"tag-france","17":"tag-news","18":"tag-news-paris","19":"tag-paris","20":"tag-paris-news","21":"tag-republique-francaise"},"share_on_mastodon":{"url":"https:\/\/pubeurope.com\/@fr\/114985292497589113","error":""},"_links":{"self":[{"href":"https:\/\/www.europesays.com\/fr\/wp-json\/wp\/v2\/posts\/301791","targetHints":{"allow":["GET"]}}],"collection":[{"href":"https:\/\/www.europesays.com\/fr\/wp-json\/wp\/v2\/posts"}],"about":[{"href":"https:\/\/www.europesays.com\/fr\/wp-json\/wp\/v2\/types\/post"}],"author":[{"embeddable":true,"href":"https:\/\/www.europesays.com\/fr\/wp-json\/wp\/v2\/users\/2"}],"replies":[{"embeddable":true,"href":"https:\/\/www.europesays.com\/fr\/wp-json\/wp\/v2\/comments?post=301791"}],"version-history":[{"count":0,"href":"https:\/\/www.europesays.com\/fr\/wp-json\/wp\/v2\/posts\/301791\/revisions"}],"wp:featuredmedia":[{"embeddable":true,"href":"https:\/\/www.europesays.com\/fr\/wp-json\/wp\/v2\/media\/299260"}],"wp:attachment":[{"href":"https:\/\/www.europesays.com\/fr\/wp-json\/wp\/v2\/media?parent=301791"}],"wp:term":[{"taxonomy":"category","embeddable":true,"href":"https:\/\/www.europesays.com\/fr\/wp-json\/wp\/v2\/categories?post=301791"},{"taxonomy":"post_tag","embeddable":true,"href":"https:\/\/www.europesays.com\/fr\/wp-json\/wp\/v2\/tags?post=301791"}],"curies":[{"name":"wp","href":"https:\/\/api.w.org\/{rel}","templated":true}]}}