{"id":301801,"date":"2025-08-07T03:16:25","date_gmt":"2025-08-07T03:16:25","guid":{"rendered":"https:\/\/www.europesays.com\/fr\/301801\/"},"modified":"2025-08-07T03:16:25","modified_gmt":"2025-08-07T03:16:25","slug":"pourquoi-la-diffusion-de-la-nouvelle-saison-de-masterchef-fait-polemique","status":"publish","type":"post","link":"https:\/\/www.europesays.com\/fr\/301801\/","title":{"rendered":"Pourquoi la diffusion de la nouvelle saison de \u00ab\u00a0MasterChef\u00a0\u00bb fait pol\u00e9mique"},"content":{"rendered":"<p>En France, \u00ab\u00a0<a href=\"https:\/\/www.20minutes.fr\/dossier\/masterchef\" class=\"color-ultramarine c-link\" target=\"_blank\" rel=\"noopener\">MasterChef<\/a>\u00a0\u00bb, la comp\u00e9tition de cuisine r\u00e9serv\u00e9e aux amateurs, n\u2019a pas su s\u2019imposer \u00e0 la t\u00e9l\u00e9vision. Elle n\u2019a dur\u00e9 que le temps de cinq saisons sur le groupe TF1 entre\u00a02010 et\u00a02015 et, son retour en\u00a02022 sur France 2 a tourn\u00e9 court. Au <a href=\"https:\/\/www.20minutes.fr\/monde\/royaume-uni\/\" class=\"color-ultramarine c-link\" target=\"_blank\" rel=\"noopener\">Royaume-Uni<\/a> en revanche, o\u00f9 cette \u00e9mission de t\u00e9l\u00e9r\u00e9alit\u00e9 a \u00e9t\u00e9 lanc\u00e9e en\u00a01990, elle est une institution.<\/p>\n<p>Le coup d\u2019envoi de la 21e saison sera donn\u00e9 ce mercredi \u00e0 20 heures sur la <a href=\"https:\/\/www.20minutes.fr\/dossier\/bbc\" class=\"color-ultramarine c-link\" target=\"_blank\" rel=\"noopener\">BBC<\/a>. Mais cette \u00e9dition suscite la controverse pour des raisons qui n\u2019ont rien \u00e0 voir avec la gastronomie. Explications.<\/p>\n<p>Quarante-cinq accusations contre Wallace, une contre Torode<\/p>\n<p>Depuis ce mercredi matin, les Britanniques peuvent d\u00e9couvrir les trois premiers \u00e9pisodes sur la plateforme iPlayer. Sur la page d\u2019accueil, ces in\u00e9dits sont illustr\u00e9s simplement du visuel du troph\u00e9e et non d\u2019une photo des pr\u00e9sentateurs Gregg Wallace et John Torode qui incarnent le programme depuis\u00a02005. Et pour cause\u00a0: tous deux ont \u00e9t\u00e9 licenci\u00e9s en juillet apr\u00e8s qu\u2019une enqu\u00eate men\u00e9e par le cabinet d\u2019avocats Lewis Silkin a confirm\u00e9 des accusations port\u00e9es contre eux ces derniers mois, au sujet de leurs attitudes sur les tournages.<\/p>\n<p>Le Guardian souligne que Gregg Wallace a fait l\u2019objet de 45 accusations \u00e0 son \u00e9gard, dont \u00ab\u00a0l\u2019utilisation d\u2019un vocabulaire sexuel inappropri\u00e9\u00a0\u00bb et \u00ab\u00a0un contact physique non d\u00e9sir\u00e9\u00a0\u00bb envers une candidate. John Torode, lui, a \u00e9t\u00e9 remerci\u00e9 pour avoir employ\u00e9 \u00ab\u00a0une insulte raciste extr\u00eamement offensante\u00a0\u00bb en\u00a02018.<\/p>\n<p><a href=\"https:\/\/www.bbc.com\/mediacentre\/statements\/bbc-response-lewis-silkin-investigation-conduct-gregg-wallace\" rel=\"nofollow noopener\" target=\"_blank\" class=\"color-ultramarine c-link\">Le diffuseur public britannique avait r\u00e9agi <\/a>aux r\u00e9sultats de l\u2019enqu\u00eate en affirmant que ces \u00ab\u00a0comportements inappropri\u00e9s\u00a0\u00bb, qui se sont d\u00e9roul\u00e9s sur une p\u00e9riode de dix-neuf ans, sont \u00ab\u00a0en de\u00e7\u00e0 des valeurs de la BBC et des attentes que nous avons envers quiconque travaille avec ou pour nous\u00a0\u00bb.<\/p>\n<p>La BBC reconna\u00eet que \u00ab\u00a0davantage aurait pu et d\u00fb \u00eatre fait\u00a0\u00bb<\/p>\n<p>\u00ab\u00a0Bien que l\u2019ampleur de ces probl\u00e8mes n\u2019ait pas \u00e9t\u00e9 connue \u00e0 l\u2019\u00e9poque, plusieurs occasions ont \u00e9t\u00e9 manqu\u00e9es de rem\u00e9dier \u00e0 ces comportements, tant par les soci\u00e9t\u00e9s de production de \u00ab\u00a0MasterChef\u00a0\u00bb que par la BBC. Nous reconnaissons que davantage aurait pu et d\u00fb \u00eatre fait plus t\u00f4t\u00a0\u00bb, avait battu sa coulpe le service public britannique tout en faisant porter une partie des torts \u00e0 la soci\u00e9t\u00e9 de production Banijay.<\/p>\n<p>Le sort de Gregg Wallace et John Torode \u00e9tait ainsi scell\u00e9. Le duo, connu du public d\u2019outre-Manche pour son humour et ses r\u00e9parties piquantes, s\u2019av\u00e9rait \u00eatre moins bon enfant une fois les cam\u00e9ras \u00e9teintes. \u00ab\u00a0Ils ont su produire de la bonne t\u00e9l\u00e9 au fil des ans, <a href=\"https:\/\/www.bbc.com\/news\/articles\/cj9vgwr48gwo\" rel=\"nofollow noopener\" target=\"_blank\" class=\"color-ultramarine c-link\">a gliss\u00e9 une source de la BBC \u00e0 un journaliste du m\u00eame m\u00e9dia<\/a>. Mais d\u2019un autre c\u00f4t\u00e9, les mauvais comportements deviennent la norme et personne ne les remet en question.\u00a0\u00bb<\/p>\n<p>Malgr\u00e9 ces r\u00e9v\u00e9lations et le double licenciement, la BBC a fait savoir qu\u2019elle comptait bien diffuser la saison tourn\u00e9e avant que la pol\u00e9mique \u00e9clate. Sarah Shafi, l\u2019une des candidates de cette 21e saison s\u2019est alors indign\u00e9e. <a href=\"https:\/\/www.theguardian.com\/tv-and-radio\/2025\/jul\/31\/masterchef-contestant-edited-out-after-asking-for-new-series-not-to-be-broadcast\" rel=\"nofollow noopener\" target=\"_blank\" class=\"color-ultramarine c-link\">Au Guardian, elle raconte<\/a> avoir contact\u00e9 Banijay. \u00ab\u00a0Je leur ai dit\u00a0: \u00ab\u00a0Supprimez l\u2019\u00e9mission, ne la diffusez pas\u00a0\u00bb. Des personnalit\u00e9s en vue ont abus\u00e9 de leur pouvoir. Quel message cela envoie-t-il aux femmes\u00a0?, a-t-elle relat\u00e9 au quotidien. Ces hommes puissants n\u2019agissent pas isol\u00e9ment. Il y a un environnement favorable, qui ferme les yeux\u2026 C\u2019est le r\u00e9sultat d\u2019ann\u00e9es d\u2019irresponsabilit\u00e9 de ces institutions.\u00a0\u00bb<\/p>\n<p>Une candidate coup\u00e9e au montage<\/p>\n<p>La soci\u00e9t\u00e9 de production a alors propos\u00e9 \u00e0 Sarah Shafi de\u2026 la couper au montage. Ce que cette habitante de Leeds de 57 ans a accept\u00e9. Un porte-parole de Banijay a avanc\u00e9 au Guardian avoir \u00ab\u00a0soigneusement \u00ab\u00a0\u00e9cout\u00e9 les pr\u00e9occupations [de la quinquag\u00e9naire] concernant la diffusion de la s\u00e9rie et en [avoir] discut\u00e9 avec la BBC\u00a0\u00bb mais que, \u00ab\u00a0apr\u00e8s avoir consult\u00e9 tous les candidats de cette saison avant de prendre une d\u00e9cision, le soutien des participants en faveur du maintien de la diffusion a \u00e9t\u00e9 unanime\u00a0\u00bb.<\/p>\n<p>Un choix qu\u2019a d\u00e9plor\u00e9 Sarah Shafi <a href=\"https:\/\/www.bbc.com\/news\/articles\/cwye4840zdgo\" rel=\"nofollow noopener\" target=\"_blank\" class=\"color-ultramarine c-link\">au micro de \u00ab\u00a0BBC Newsnight\u00a0\u00bb<\/a>\u00a0: \u00ab\u00a0Dans un monde id\u00e9al, l\u2019\u00e9mission aurait \u00e9t\u00e9 supprim\u00e9e [en signe de respect envers les personnes dont les accusations ont \u00e9t\u00e9 reconnues valides].\u00a0\u00bb<\/p>\n<p>La ministre de la Culture ne regardera pas<\/p>\n<p>La controverse a fini par atteindre le champ politique. Ce mercredi, <a href=\"https:\/\/www.theguardian.com\/tv-and-radio\/2025\/aug\/06\/lisa-nandy-masterchef-bbc-gregg-wallace-john-torode\" rel=\"nofollow noopener\" target=\"_blank\" class=\"color-ultramarine c-link\">invit\u00e9e de l\u2019\u00e9mission \u00ab\u00a0BBC Breakfast\u00a0\u00bb<\/a>, la ministre de la Culture Lisa Nandy, membre du Parti travailliste, a d\u00e9clar\u00e9 qu\u2019il n\u2019\u00e9tait pas de son ressort \u00ab\u00a0de dire aux diffuseurs ce qu\u2019ils peuvent ou non diffuser\u00a0\u00bb, mais que, \u00ab\u00a0en tant que t\u00e9l\u00e9spectatrice\u00a0\u00bb, elle \u00ab\u00a0ne regarder [a] pas cette saison\u00a0\u00bb. Pas de quoi faire trembler la cha\u00eene.<\/p>\n<p><a href=\"https:\/\/www.20minutes.fr\/arts-stars\/television\/\" class=\"c-link c-btn c-btn--primary\" target=\"_blank\" rel=\"noopener\">Nos articles T\u00e9l\u00e9vision<\/a><\/p>\n<p>Cette 21e saison devrait cependant avoir un arri\u00e8re-go\u00fbt amer pour les fid\u00e8les de \u00ab\u00a0MasterChef\u00a0\u00bb. Les m\u00e9dias qui ont vu le premier \u00e9pisode notent que \u00ab\u00a0le montage inclut<a href=\"https:\/\/www.bbc.com\/news\/articles\/cn92vw9gl74o\" rel=\"nofollow noopener\" target=\"_blank\" class=\"color-ultramarine c-link\"> moins de blagues que d\u2019habitude<\/a>\u00a0\u00bb. Les \u00e9changes entre Gregg Wallace, John Torrode, et les chefs, ont \u00e9galement \u00e9t\u00e9 r\u00e9duits \u00e0 portion congrue.<\/p>\n","protected":false},"excerpt":{"rendered":"En France, \u00ab\u00a0MasterChef\u00a0\u00bb, la comp\u00e9tition de cuisine r\u00e9serv\u00e9e aux amateurs, n\u2019a pas su s\u2019imposer \u00e0 la t\u00e9l\u00e9vision. Elle&hellip;\n","protected":false},"author":2,"featured_media":301802,"comment_status":"","ping_status":"","sticky":false,"template":"","format":"standard","meta":{"footnotes":""},"categories":[1588],"tags":[11,11412,58,1777,674,42575,3668,39301,12,10162,473,1853,252,1851,1850,1852],"class_list":{"0":"post-301801","1":"post","2":"type-post","3":"status-publish","4":"format-standard","5":"has-post-thumbnail","7":"category-royaume-uni","8":"tag-actualites","9":"tag-discrimination","10":"tag-divertissement","11":"tag-eu","12":"tag-europe","13":"tag-guardian","14":"tag-harcelement","15":"tag-masterchef","16":"tag-news","17":"tag-racisme","18":"tag-royaume-uni","19":"tag-royaume-uni-de-grande-bretagne-et-dirlande-du-nord","20":"tag-television","21":"tag-uk","22":"tag-united-kingdom","23":"tag-united-kingdom-of-great-britain-and-northern-ireland"},"share_on_mastodon":{"url":"https:\/\/pubeurope.com\/@fr\/114985316100977449","error":""},"_links":{"self":[{"href":"https:\/\/www.europesays.com\/fr\/wp-json\/wp\/v2\/posts\/301801","targetHints":{"allow":["GET"]}}],"collection":[{"href":"https:\/\/www.europesays.com\/fr\/wp-json\/wp\/v2\/posts"}],"about":[{"href":"https:\/\/www.europesays.com\/fr\/wp-json\/wp\/v2\/types\/post"}],"author":[{"embeddable":true,"href":"https:\/\/www.europesays.com\/fr\/wp-json\/wp\/v2\/users\/2"}],"replies":[{"embeddable":true,"href":"https:\/\/www.europesays.com\/fr\/wp-json\/wp\/v2\/comments?post=301801"}],"version-history":[{"count":0,"href":"https:\/\/www.europesays.com\/fr\/wp-json\/wp\/v2\/posts\/301801\/revisions"}],"wp:featuredmedia":[{"embeddable":true,"href":"https:\/\/www.europesays.com\/fr\/wp-json\/wp\/v2\/media\/301802"}],"wp:attachment":[{"href":"https:\/\/www.europesays.com\/fr\/wp-json\/wp\/v2\/media?parent=301801"}],"wp:term":[{"taxonomy":"category","embeddable":true,"href":"https:\/\/www.europesays.com\/fr\/wp-json\/wp\/v2\/categories?post=301801"},{"taxonomy":"post_tag","embeddable":true,"href":"https:\/\/www.europesays.com\/fr\/wp-json\/wp\/v2\/tags?post=301801"}],"curies":[{"name":"wp","href":"https:\/\/api.w.org\/{rel}","templated":true}]}}