{"id":301803,"date":"2025-08-07T03:17:16","date_gmt":"2025-08-07T03:17:16","guid":{"rendered":"https:\/\/www.europesays.com\/fr\/301803\/"},"modified":"2025-08-07T03:17:16","modified_gmt":"2025-08-07T03:17:16","slug":"lallemagne-prevoit-de-reduire-les-allocations-pour-les-refugies-ukrainiens-nouvellement-arrives-selon-un-projet-de-loi","status":"publish","type":"post","link":"https:\/\/www.europesays.com\/fr\/301803\/","title":{"rendered":"L&rsquo;Allemagne pr\u00e9voit de r\u00e9duire les allocations pour les r\u00e9fugi\u00e9s ukrainiens nouvellement arriv\u00e9s, selon un projet de loi"},"content":{"rendered":"<p>Le gouvernement de coalition allemand envisage de r\u00e9duire les prestations sociales accord\u00e9es aux r\u00e9fugi\u00e9s ukrainiens nouvellement arriv\u00e9s, r\u00e9v\u00e8le un projet de loi consult\u00e9 mercredi par Reuters. Cette mesure pourrait entra\u00eener une diminution de 100\u00a0euros (environ 116\u00a0$) par mois et par r\u00e9fugi\u00e9, selon les estimations.<\/p>\n<p>Les r\u00e9fugi\u00e9s ukrainiens arrivant en Allemagne b\u00e9n\u00e9ficient actuellement de la directive de protection temporaire de l&rsquo;Union europ\u00e9enne, qui leur permet de percevoir directement des aides sociales sans passer par la proc\u00e9dure d&rsquo;asile.<\/p>\n<p>Selon le projet de loi, les Ukrainiens arrivant en Allemagne \u00e0 partir du 1er\u00a0avril\u00a02025 ne percevront plus l&rsquo;Allocation citoyenne, mais seront soumis au r\u00e9gime d&rsquo;aides pr\u00e9vu par la loi sur les allocations aux demandeurs d&rsquo;asile, moins avantageux.<\/p>\n<p>On compte environ 1,25\u00a0million de r\u00e9fugi\u00e9s ukrainiens vivant en Allemagne. Entre le 1er\u00a0avril et le 30\u00a0juin\u00a02025, environ 21\u00a0000 d&rsquo;entre eux sont entr\u00e9s dans le pays pour la premi\u00e8re fois en lien avec l&rsquo;invasion russe, selon les chiffres du gouvernement.<\/p>\n<p>Pour entrer en vigueur d&rsquo;ici la fin de l&rsquo;ann\u00e9e, le projet de loi devra obtenir l&rsquo;approbation du cabinet et de la chambre haute du Parlement.<\/p>\n<p>La question du niveau de soutien \u00e0 accorder aux r\u00e9fugi\u00e9s ukrainiens fait d\u00e9bat de longue date en Allemagne, alors que le pays cherche \u00e0 r\u00e9duire ses d\u00e9penses sociales. Dimanche, le Premier ministre bavarois Markus S\u00f6der a ainsi r\u00e9clam\u00e9 que tous les r\u00e9fugi\u00e9s ukrainiens, et non seulement les nouveaux arrivants, soient exclus du r\u00e9gime d&rsquo;allocations plus \u00e9lev\u00e9.<\/p>\n<p>En juillet\u00a02025, environ 64,1\u00a0% des ressortissants ukrainiens enregistr\u00e9s aupr\u00e8s de l&rsquo;agence pour l&#8217;emploi n&rsquo;\u00e9taient pas en activit\u00e9, cette cat\u00e9gorie incluant les personnes sans emploi, en formation ou b\u00e9n\u00e9ficiant d&rsquo;un accompagnement vers l&#8217;emploi.<\/p>\n<p>(1\u00a0$ = 0,8590\u00a0euros)<br \/>(Rapport de Riham Alkousaa et Holger Hansen; r\u00e9daction\u00a0: Alexandra Hudson)<\/p>\n","protected":false},"excerpt":{"rendered":"Le gouvernement de coalition allemand envisage de r\u00e9duire les prestations sociales accord\u00e9es aux r\u00e9fugi\u00e9s ukrainiens nouvellement arriv\u00e9s, r\u00e9v\u00e8le&hellip;\n","protected":false},"author":2,"featured_media":301804,"comment_status":"","ping_status":"","sticky":false,"template":"","format":"standard","meta":{"footnotes":""},"categories":[1587],"tags":[11,672,340,1804,1805,1803,1777,674,1801,12,1802],"class_list":{"0":"post-301803","1":"post","2":"type-post","3":"status-publish","4":"format-standard","5":"has-post-thumbnail","7":"category-allemagne","8":"tag-actualites","9":"tag-allemagne","10":"tag-bourse","11":"tag-bundesrepublik-deutschland","12":"tag-de","13":"tag-deutschland","14":"tag-eu","15":"tag-europe","16":"tag-germany","17":"tag-news","18":"tag-republique-federale-dallemagne"},"share_on_mastodon":{"url":"https:\/\/pubeurope.com\/@fr\/114985320126523636","error":""},"_links":{"self":[{"href":"https:\/\/www.europesays.com\/fr\/wp-json\/wp\/v2\/posts\/301803","targetHints":{"allow":["GET"]}}],"collection":[{"href":"https:\/\/www.europesays.com\/fr\/wp-json\/wp\/v2\/posts"}],"about":[{"href":"https:\/\/www.europesays.com\/fr\/wp-json\/wp\/v2\/types\/post"}],"author":[{"embeddable":true,"href":"https:\/\/www.europesays.com\/fr\/wp-json\/wp\/v2\/users\/2"}],"replies":[{"embeddable":true,"href":"https:\/\/www.europesays.com\/fr\/wp-json\/wp\/v2\/comments?post=301803"}],"version-history":[{"count":0,"href":"https:\/\/www.europesays.com\/fr\/wp-json\/wp\/v2\/posts\/301803\/revisions"}],"wp:featuredmedia":[{"embeddable":true,"href":"https:\/\/www.europesays.com\/fr\/wp-json\/wp\/v2\/media\/301804"}],"wp:attachment":[{"href":"https:\/\/www.europesays.com\/fr\/wp-json\/wp\/v2\/media?parent=301803"}],"wp:term":[{"taxonomy":"category","embeddable":true,"href":"https:\/\/www.europesays.com\/fr\/wp-json\/wp\/v2\/categories?post=301803"},{"taxonomy":"post_tag","embeddable":true,"href":"https:\/\/www.europesays.com\/fr\/wp-json\/wp\/v2\/tags?post=301803"}],"curies":[{"name":"wp","href":"https:\/\/api.w.org\/{rel}","templated":true}]}}