{"id":301805,"date":"2025-08-07T03:18:17","date_gmt":"2025-08-07T03:18:17","guid":{"rendered":"https:\/\/www.europesays.com\/fr\/301805\/"},"modified":"2025-08-07T03:18:17","modified_gmt":"2025-08-07T03:18:17","slug":"on-assiste-a-la-resurgence-dun-mecanisme-de-violences-collectives","status":"publish","type":"post","link":"https:\/\/www.europesays.com\/fr\/301805\/","title":{"rendered":"\u201cOn assiste \u00e0 la r\u00e9surgence d\u2019un m\u00e9canisme de violences collectives\u201d"},"content":{"rendered":"<p>      <img fetchpriority=\"high\" decoding=\"async\" class=\"mx-auto\" src=\"data:image\/svg+xml,%3Csvg%20xmlns%3D%27http%3A%2F%2Fwww.w3.org%2F2000%2Fsvg%27%20fill%3D%22%23e4e4e4%22%20viewBox%3D%270%200%20510%20340%27%20width%3D%22510%22%20height%3D%22340%22%3E%3Cpath%20d%3D%27M0%200h510v340H0z%27%2F%3E%3C%2Fsvg%3E\"  loading=\"eager\" width=\"510\" height=\"340\" data-oncrawl-image-size=\"510x340\" alt=\"Une femme, portant un tee-shirt o\u00f9 on peut lire \u00ab\u00a0Ramenez-les chez eux, prot\u00e9gez nos enfants\u00a0\u00bb, participe \u00e0 une manifestation devant un centre d\u2019h\u00e9bergement, \u00e0 Epping, en Angleterre, le 31\u00a0juillet 2025.\"\/>      <\/p>\n<p class=\"latino-100m text-grey-600\">\n            Une femme, portant un tee-shirt o\u00f9 on peut lire \u00ab\u00a0Ramenez-les chez eux, prot\u00e9gez nos enfants\u00a0\u00bb, participe \u00e0 une manifestation devant un centre d\u2019h\u00e9bergement, \u00e0 Epping, en Angleterre, le 31\u00a0juillet 2025.\u00a0CARL COURT \/ GETTY IMAGES VIA AFP        <\/p>\n<p>        Lire\u00a0plus\u00a0tard      <\/p>\n<p><a aria-label=\"Nous suivre sur Google News\" href=\"https:\/\/news.google.com\/publications\/CAAqBwgKMJe4nQkw3dFs?hl=fr&amp;gl=FR&amp;ceid=FR%3Afr\" target=\"_blank\" data-piano=\"Page_Article,Sous_date_publi,Nous_suivre_sur_google_news,1er_clic,action\" class=\"btn btn--small btn--tertiary btn--icon-only\" rel=\"noopener\"><\/p>\n<p>      Google Actualit\u00e9s<br \/>\n  <\/a><\/p>\n<p>  Partager<\/p>\n<p>        Facebook<\/p>\n<p>        Bluesky<\/p>\n<p>        E-mail<\/p>\n<p>        Copier le lien<\/p>\n<p>      Envoyer<\/p>\n<p>      S\u2019abonner pour lire    <\/p>\n<p class=\"node__paragraphe antonia-750r text-grey-800 pb-24 pb-md-30\">\n<a href=\"https:\/\/www.nouvelobs.com\/politique\/20240207.OBS84195\/l-ex-candidat-du-rn-a-paris-serge-federbusch-conseille-la-remigration-a-l-elue-eelv-fatoumata-kone.html\" target=\"_blank\" rel=\"noopener\">\u00ab\u00a0Remigration\u00a0\u00bb<\/a>\u00a0: tel est le concept pr\u00f4n\u00e9 par les manifestants anti-migrants qui ont d\u00e9fil\u00e9 dans les rues de Manchester, samedi 2\u00a0ao\u00fbt, apr\u00e8s deux semaines de manifestations violentes \u00e0 travers le pays. Le mot, invent\u00e9 par l\u2019extr\u00eame droite et d\u00e9signant le retour des immigr\u00e9s et de leurs descendants dans leur pays d\u2019origine, revient en force depuis qu\u2019une vague d\u2019\u00e9meutes d\u00e9ferle d\u2019un bout \u00e0 l\u2019autre de l\u2019Europe. D\u2019abord en <a href=\"https:\/\/www.nouvelobs.com\/monde\/20250612.OBS104862\/que-se-passe-t-il-en-irlande-du-nord-qui-a-connu-une-troisieme-nuit-consecutive-de-violences.html\" target=\"_blank\" rel=\"noopener\">Irlande du Nord<\/a> au d\u00e9but du mois de juin, ensuite dans le sud de <a href=\"https:\/\/www.nouvelobs.com\/monde\/20250713.OBS105869\/dans-le-sud-de-l-espagne-flambee-de-violences-racistes-a-torre-pacheco-apres-l-agression-d-un-sexagenaire.html\" target=\"_blank\" rel=\"noopener\">l\u2019Espagne<\/a> mi-juillet, puis au Royaume-Uni depuis le 17\u00a0juillet. Comment comprendre ce d\u00e9cha\u00eenement de violences racistes\u00a0?<\/p>\n<p class=\"node__paragraphe antonia-750r text-grey-800 pb-8\">\nChaque rassemblement a commenc\u00e9 par une rumeur. En Irlande du Nord, la premi\u00e8re nuit de violences a \u00e9clat\u00e9 apr\u00e8s l\u2019inculpation de deux adolescents de 14\u00a0ans pour tentative de viol d\u2019une jeune fille \u00e0 Ballymena. Les m\u00e9dias locaux ayant affirm\u00e9 qu\u2019ils s\u2019\u00e9taient exprim\u00e9s par l\u2019interm\u00e9diaire d\u2019un interp\u2026<\/p>\n<p>  <img loading=\"lazy\" decoding=\"async\" class=\"floating-img\" src=\"https:\/\/www.europesays.com\/fr\/wp-content\/uploads\/2025\/07\/img-paywall@2x.png\" width=\"142\" height=\"91\" alt=\"\"\/><\/p>\n<p class=\"latino-100m text-blue-400\">Article r\u00e9serv\u00e9 aux abonn\u00e9s.<\/p>\n<p>          Se connecter<\/p>\n<p class=\"pb-16 text-center antonia-1850c\">Offre d\u2019\u00e9t\u00e9\u00a0:<br \/>1\u20ac\/mois pendant 6\u00a0mois<\/p>\n<p>\n        S&rsquo;abonner\n      <\/p>\n<p>          D\u00e9couvrir toutes nos offres<\/p>\n","protected":false},"excerpt":{"rendered":"Une femme, portant un tee-shirt o\u00f9 on peut lire \u00ab\u00a0Ramenez-les chez eux, prot\u00e9gez nos enfants\u00a0\u00bb, participe \u00e0 une&hellip;\n","protected":false},"author":2,"featured_media":301806,"comment_status":"","ping_status":"","sticky":false,"template":"","format":"standard","meta":{"footnotes":""},"categories":[1586],"tags":[17,11,12690,22853,1777,674,1011,27,1272,44172,1251,12,25,44171,104,2949],"class_list":{"0":"post-301805","1":"post","2":"type-post","3":"status-publish","4":"format-standard","5":"has-post-thumbnail","7":"category-europe","8":"tag-17","9":"tag-actualites","10":"tag-anti","11":"tag-assiste","12":"tag-eu","13":"tag-europe","14":"tag-fr","15":"tag-france","16":"tag-manifestations","17":"tag-mecanisme","18":"tag-migrants","19":"tag-news","20":"tag-republique-francaise","21":"tag-resurgence","22":"tag-societe","23":"tag-violences"},"share_on_mastodon":{"url":"https:\/\/pubeurope.com\/@fr\/114985324012264964","error":""},"_links":{"self":[{"href":"https:\/\/www.europesays.com\/fr\/wp-json\/wp\/v2\/posts\/301805","targetHints":{"allow":["GET"]}}],"collection":[{"href":"https:\/\/www.europesays.com\/fr\/wp-json\/wp\/v2\/posts"}],"about":[{"href":"https:\/\/www.europesays.com\/fr\/wp-json\/wp\/v2\/types\/post"}],"author":[{"embeddable":true,"href":"https:\/\/www.europesays.com\/fr\/wp-json\/wp\/v2\/users\/2"}],"replies":[{"embeddable":true,"href":"https:\/\/www.europesays.com\/fr\/wp-json\/wp\/v2\/comments?post=301805"}],"version-history":[{"count":0,"href":"https:\/\/www.europesays.com\/fr\/wp-json\/wp\/v2\/posts\/301805\/revisions"}],"wp:featuredmedia":[{"embeddable":true,"href":"https:\/\/www.europesays.com\/fr\/wp-json\/wp\/v2\/media\/301806"}],"wp:attachment":[{"href":"https:\/\/www.europesays.com\/fr\/wp-json\/wp\/v2\/media?parent=301805"}],"wp:term":[{"taxonomy":"category","embeddable":true,"href":"https:\/\/www.europesays.com\/fr\/wp-json\/wp\/v2\/categories?post=301805"},{"taxonomy":"post_tag","embeddable":true,"href":"https:\/\/www.europesays.com\/fr\/wp-json\/wp\/v2\/tags?post=301805"}],"curies":[{"name":"wp","href":"https:\/\/api.w.org\/{rel}","templated":true}]}}