{"id":301807,"date":"2025-08-07T03:19:11","date_gmt":"2025-08-07T03:19:11","guid":{"rendered":"https:\/\/www.europesays.com\/fr\/301807\/"},"modified":"2025-08-07T03:19:11","modified_gmt":"2025-08-07T03:19:11","slug":"le-volume-des-ventes-du-commerce-de-detail-en-hausse-de-03-dans-la-zone-euro-et-en-ue","status":"publish","type":"post","link":"https:\/\/www.europesays.com\/fr\/301807\/","title":{"rendered":"Le volume des ventes du commerce de d\u00e9tail en hausse de 0,3% dans la zone euro et en UE"},"content":{"rendered":"<p class=\"ap-DistributorDisclaimer-content\">\u00a9 2025 Belga Newsbriefing. Tous droits de reproduction et de repr\u00e9sentation r\u00e9serv\u00e9s. Toutes les informations reproduites dans cette rubrique (d\u00e9p\u00eaches, photos, logos) sont prot\u00e9g\u00e9es par des droits de propri\u00e9t\u00e9 intellectuelle d\u00e9tenus par Belga Newsbriefing. Par cons\u00e9quent, aucune de ces informations ne peut \u00eatre reproduite, modifi\u00e9e, rediffus\u00e9e, traduite, exploit\u00e9e commercialement ou r\u00e9utilis\u00e9e de quelque mani\u00e8re que ce soit sans l&rsquo;accord pr\u00e9alable \u00e9crit de Belga Newsbriefing.<\/p>\n","protected":false},"excerpt":{"rendered":"\u00a9 2025 Belga Newsbriefing. Tous droits de reproduction et de repr\u00e9sentation r\u00e9serv\u00e9s. Toutes les informations reproduites dans cette&hellip;\n","protected":false},"author":2,"featured_media":25030,"comment_status":"","ping_status":"","sticky":false,"template":"","format":"standard","meta":{"footnotes":""},"categories":[1586],"tags":[11,215,1777,674,1779,1011,27,12,25,1778,364],"class_list":{"0":"post-301807","1":"post","2":"type-post","3":"status-publish","4":"format-standard","5":"has-post-thumbnail","7":"category-europe","8":"tag-actualites","9":"tag-commerce","10":"tag-eu","11":"tag-europe","12":"tag-european-union","13":"tag-fr","14":"tag-france","15":"tag-news","16":"tag-republique-francaise","17":"tag-ue","18":"tag-union-europeenne"},"share_on_mastodon":{"url":"https:\/\/pubeurope.com\/@fr\/114985327911789298","error":""},"_links":{"self":[{"href":"https:\/\/www.europesays.com\/fr\/wp-json\/wp\/v2\/posts\/301807","targetHints":{"allow":["GET"]}}],"collection":[{"href":"https:\/\/www.europesays.com\/fr\/wp-json\/wp\/v2\/posts"}],"about":[{"href":"https:\/\/www.europesays.com\/fr\/wp-json\/wp\/v2\/types\/post"}],"author":[{"embeddable":true,"href":"https:\/\/www.europesays.com\/fr\/wp-json\/wp\/v2\/users\/2"}],"replies":[{"embeddable":true,"href":"https:\/\/www.europesays.com\/fr\/wp-json\/wp\/v2\/comments?post=301807"}],"version-history":[{"count":0,"href":"https:\/\/www.europesays.com\/fr\/wp-json\/wp\/v2\/posts\/301807\/revisions"}],"wp:featuredmedia":[{"embeddable":true,"href":"https:\/\/www.europesays.com\/fr\/wp-json\/wp\/v2\/media\/25030"}],"wp:attachment":[{"href":"https:\/\/www.europesays.com\/fr\/wp-json\/wp\/v2\/media?parent=301807"}],"wp:term":[{"taxonomy":"category","embeddable":true,"href":"https:\/\/www.europesays.com\/fr\/wp-json\/wp\/v2\/categories?post=301807"},{"taxonomy":"post_tag","embeddable":true,"href":"https:\/\/www.europesays.com\/fr\/wp-json\/wp\/v2\/tags?post=301807"}],"curies":[{"name":"wp","href":"https:\/\/api.w.org\/{rel}","templated":true}]}}