{"id":301813,"date":"2025-08-07T03:25:12","date_gmt":"2025-08-07T03:25:12","guid":{"rendered":"https:\/\/www.europesays.com\/fr\/301813\/"},"modified":"2025-08-07T03:25:12","modified_gmt":"2025-08-07T03:25:12","slug":"grande-annonce-pour-le-stade-toulousain","status":"publish","type":"post","link":"https:\/\/www.europesays.com\/fr\/301813\/","title":{"rendered":"Grande annonce pour le Stade Toulousain"},"content":{"rendered":"<p><strong>De nouveau sacr\u00e9 champion de<br \/>\nFrance la saison derni\u00e8re, malgr\u00e9 les blessures qui ont touch\u00e9 son<br \/>\neffectif, le Stade Toulousain s&rsquo;est renforc\u00e9 avec un joli coup sur<br \/>\nle march\u00e9 des transferts.<\/strong><\/p>\n<p>Et si le Stade Toulousain avait r\u00e9ussi un tr\u00e8s bon coup sur le<br \/>\nmarch\u00e9 des transferts ? Sacr\u00e9 champion de France la saison pass\u00e9e,<br \/>\nune nouvelle fois, le club haut-garonnais s\u2019est principalement<br \/>\nrenforc\u00e9 avec les arriv\u00e9es de Georges-Henri Colombe et Teddy<br \/>\nThomas, en provenance de La Rochelle. Deux renforts int\u00e9ressants,<br \/>\nsur le papier. Et peut-\u00eatre plus.<\/p>\n<p>\u00ab\u00a0Teddy Thomas, c\u2019est la recrue de l\u2019ann\u00e9e, c\u2019est ma<br \/>\nrecrue de l\u2019ann\u00e9e\u00a0\u00bb, ose m\u00eame un journaliste de<br \/>\nRugbyrama, <a href=\"https:\/\/www.rugbyrama.fr\/2025\/08\/05\/video-top-14-quelle-est-la-recrue-de-lannee-pour-moi-teddy-thomas-va-mettre-tout-le-monde-daccord-12861290.php\" rel=\"nofollow noopener\" target=\"_blank\"><br \/>\ndans une vid\u00e9o sur le mercato estival du Top 14<\/a>, o\u00f9 il place<br \/>\nl\u2019ancien joueur du Racing parmi les tr\u00e8s arrivants les plus<br \/>\nattendus.<\/p>\n<p>Teddy Thomas, un titulaire en puissance \u00e0 Toulouse ?<\/p>\n<p>\u00ab\u00a0Il va mettre tout le monde d\u2019accord, il va<br \/>\ncompl\u00e8tement renverser la hi\u00e9rarchie\u00a0\u00bb, veut croit notre<br \/>\nconfr\u00e8re, qui s\u2019attend \u00e0 une \u00e0 une grande saison de la part de<br \/>\nl\u2019international fran\u00e7ais (28 s\u00e9lections, la derni\u00e8re en 2021).<\/p>\n<p>\u00ab\u00a0Je le vois humilier des petits jeunes \u00e0<br \/>\nl\u2019entra\u00eenement ou en match, retrouver une seconde<br \/>\njeunesse\u00a0\u00bb, ajoute-t-il au sujet du joueur de 31 ans,<br \/>\ntalent pr\u00e9coce, qui a souvent \u00e9t\u00e9 frein\u00e9 par les blessures.<\/p>\n<p>Form\u00e9 en tant qu\u2019ailier, capable de jouer \u00e0 l\u2019arri\u00e8re, Teddy<br \/>\nThomas s\u2019est install\u00e9 au centre \u00e0 La Rochelle. Et le journaliste de<br \/>\nRugbyrama l\u2019imagine bien poser des probl\u00e8mes \u00e0 Ugo Mola, le coach<br \/>\ntoulousain, en devenant un peu plus qu\u2019un joueur de rotation. Les<br \/>\nAhki, Barassi, Costes &amp; Co sont pr\u00e9venus !<\/p>\n","protected":false},"excerpt":{"rendered":"De nouveau sacr\u00e9 champion de France la saison derni\u00e8re, malgr\u00e9 les blessures qui ont touch\u00e9 son effectif, le&hellip;\n","protected":false},"author":2,"featured_media":301814,"comment_status":"","ping_status":"","sticky":false,"template":"","format":"standard","meta":{"footnotes":""},"categories":[1416],"tags":[1011,27,479,1468,60],"class_list":{"0":"post-301813","1":"post","2":"type-post","3":"status-publish","4":"format-standard","5":"has-post-thumbnail","7":"category-rugby","8":"tag-fr","9":"tag-france","10":"tag-rugby","11":"tag-rugby-football","12":"tag-sports"},"share_on_mastodon":{"url":"https:\/\/pubeurope.com\/@fr\/114985351455797749","error":""},"_links":{"self":[{"href":"https:\/\/www.europesays.com\/fr\/wp-json\/wp\/v2\/posts\/301813","targetHints":{"allow":["GET"]}}],"collection":[{"href":"https:\/\/www.europesays.com\/fr\/wp-json\/wp\/v2\/posts"}],"about":[{"href":"https:\/\/www.europesays.com\/fr\/wp-json\/wp\/v2\/types\/post"}],"author":[{"embeddable":true,"href":"https:\/\/www.europesays.com\/fr\/wp-json\/wp\/v2\/users\/2"}],"replies":[{"embeddable":true,"href":"https:\/\/www.europesays.com\/fr\/wp-json\/wp\/v2\/comments?post=301813"}],"version-history":[{"count":0,"href":"https:\/\/www.europesays.com\/fr\/wp-json\/wp\/v2\/posts\/301813\/revisions"}],"wp:featuredmedia":[{"embeddable":true,"href":"https:\/\/www.europesays.com\/fr\/wp-json\/wp\/v2\/media\/301814"}],"wp:attachment":[{"href":"https:\/\/www.europesays.com\/fr\/wp-json\/wp\/v2\/media?parent=301813"}],"wp:term":[{"taxonomy":"category","embeddable":true,"href":"https:\/\/www.europesays.com\/fr\/wp-json\/wp\/v2\/categories?post=301813"},{"taxonomy":"post_tag","embeddable":true,"href":"https:\/\/www.europesays.com\/fr\/wp-json\/wp\/v2\/tags?post=301813"}],"curies":[{"name":"wp","href":"https:\/\/api.w.org\/{rel}","templated":true}]}}