{"id":301816,"date":"2025-08-07T03:28:24","date_gmt":"2025-08-07T03:28:24","guid":{"rendered":"https:\/\/www.europesays.com\/fr\/301816\/"},"modified":"2025-08-07T03:28:24","modified_gmt":"2025-08-07T03:28:24","slug":"le-programme-complet-du-week-end-motogp-chaine-horaires-etc","status":"publish","type":"post","link":"https:\/\/www.europesays.com\/fr\/301816\/","title":{"rendered":"Le programme complet du week-end MOTOGP (cha\u00eene, horaires,\u00a0etc.)"},"content":{"rendered":"<p>Le Grand Prix des Am\u00e9riques se d\u00e9roule ce week-end \u00e0 Austin, au <a href=\"https:\/\/www.20minutes.fr\/monde\/texas\/\" class=\"color-ultramarine c-link\" rel=\"nofollow noopener\" target=\"_blank\">Texas<\/a>. Int\u00e9gr\u00e9 au MotoGP depuis\u00a02013, l\u2019ann\u00e9e o\u00f9 a d\u00e9marr\u00e9 un certain Marc Marquez, ce Grand Prix a \u00e9t\u00e9 absent du calendrier au printemps de la saison en\u00a02020 en raison du Covid mais il est devenu un rendez-vous annuel \u00e0 ne pas manquer. Nul doute qu\u2019il tiendra en haleine les fans de <a href=\"https:\/\/www.20minutes.fr\/sport\/moto-gp\/\" class=\"color-ultramarine c-link\" rel=\"nofollow noopener\" target=\"_blank\">MotoGP<\/a> samedi et dimanche. Grand favori apr\u00e8s ses deux victoires lors des deux premiers Grands Prix de la saison, Marc Marquez (Ducati Lenovo) est le grand favori du week-end.<\/p>\n<p>Au vu du changement d\u2019horaire dans la nuit de samedi \u00e0 dimanche, il faudra compter six heures de d\u00e9calage avec les \u00c9tats-Unis, et sept heures dimanche.<\/p>\n<p class=\"mb-xxl@xs color-ultramarine font-weight-semi-bold@xs font-source-serif-pro heading-s@xs\">L\u2019acc\u00e8s \u00e0 ce contenu a \u00e9t\u00e9 bloqu\u00e9 afin de respecter votre choix de consentement<\/p>\n<p class=\"mb-m@xs text-l@xs\">En cliquant sur\u00ab J\u2019accepte \u00bb, vous acceptez le d\u00e9p\u00f4t de cookies par des services externes et aurez ainsi acc\u00e8s aux contenus de nos partenaires.<\/p>\n<p class=\"mb-xl@xs text-s@xs\">Plus d\u2019informations sur la page<a href=\"https:\/\/www.20minutes.fr\/gestion-cookies\" class=\"mx-xxs@xs color-ultramarine\" rel=\"nofollow noopener\" target=\"_blank\">Politique de gestion des cookies<\/a><\/p>\n<p>J\u2019accepte\u00c0 quelle heure et sur quelle cha\u00eene voir le GP des Am\u00e9riques 2025 ce week-end<\/p>\n<p>Pour suivre le MotoGP et le Grand Prix d\u2019Austin, rendez-vous sur les cha\u00eenes du groupe Canal +, qui sont le diffuseur officiel du MotoGP en France. Toutes les s\u00e9ances du GP des Am\u00e9riques seront diffus\u00e9es sur Canal +\u00a0Sport 360 (course sprint MotoGP samedi et courses Moto2 et Moto3 dimanche, avant la course principale MotoGP). Les horaires de chaque course sont les suivants, en France\u00a0:<\/p>\n<p>Vendredi 28\u00a0mars<\/p>\n<ul>\n<li>Essais Libres 1\u00a0: 16h45 &#8211; 17h30<\/li>\n<li>Essais\u00a0: 21h00 &#8211; 22h00<\/li>\n<\/ul>\n<p>Samedi 29\u00a0mars<\/p>\n<ul>\n<li>Essais Libres 2\u00a0: 16h10 &#8211; 16h40<\/li>\n<li>Qualifications\u00a0: 16h50 &#8211; 17h30<\/li>\n<li>Course sprint\u00a0: 21h00<\/li>\n<\/ul>\n<p>Dimanche 30\u00a0mars\t<\/p>\n<ul>\n<li>Warm-up\t16h40 &#8211; 16h50<\/li>\n<li>Course\u00a0: 21h00<\/li>\n<\/ul>\n<p>Le classement en MotoGP 2025 apr\u00e8s le GP d\u2019Argentine (2\/22)\u00a0:<\/p>\n<p>1. Marc Marquez (Ducati) &#8211; 74<\/p>\n<p>2. Alex Marquez (Ducati) &#8211; 58 (-16)<\/p>\n<p>3. Francesco Bagnaia (Ducati) &#8211; 43 (-31)<\/p>\n<p>4. Franco Morbidelli (Ducati) &#8211; 37 (-37)<\/p>\n<p>5. Johann Zarco (Honda) &#8211; 25 (-49)<\/p>\n<p>6. Fabio di Giannantonio (Ducati) &#8211; 22 (-52)<\/p>\n<p>7. Brad Binder (KTM) &#8211; 19 (-55)<\/p>\n<p>8. Ai Ogura (Aprilia) &#8211; 17 (-57)<\/p>\n<p>9. Marco Bezzecchi (Aprilia) &#8211; 14 (-60)<\/p>\n<p>10. Pedro Acosta (KTM) &#8211; 13 (-61)<\/p>\n<p>11. Joan Mir (Honda) &#8211; 10 (-64)<\/p>\n<p>12. Luca Marini (<a href=\"https:\/\/www.20minutes.fr\/dossier\/honda\" class=\"color-ultramarine c-link\" rel=\"nofollow noopener\" target=\"_blank\">Honda<\/a>) &#8211; 10 (-64)<\/p>\n<p>13. Jack Miller (Yamaha) &#8211; 8 (-66)<\/p>\n<p>14. Enea Bastianini (KTM) &#8211; 7 (-67)<\/p>\n<p>15. Fabio Quartararo (Yamaha) &#8211; 6 (-68)<\/p>\n<p>16. Alex Rins (Yamaha) &#8211; 5 (-69)<\/p>\n<p>17. Maverick Vi\u00f1ales (KTM) &#8211; 4 (-70)<\/p>\n<p>18. Fermin Aldeguer (Ducati) &#8211; 3 (-71)<\/p>\n<p>19. Miguel Oliveira (Yamaha) &#8211; 2 (-72)<\/p>\n<p>20. Raul Fernandez (Aprilia) &#8211; 1 (-73)<\/p>\n","protected":false},"excerpt":{"rendered":"Le Grand Prix des Am\u00e9riques se d\u00e9roule ce week-end \u00e0 Austin, au Texas. Int\u00e9gr\u00e9 au MotoGP depuis\u00a02013, l\u2019ann\u00e9e&hellip;\n","protected":false},"author":2,"featured_media":301817,"comment_status":"","ping_status":"","sticky":false,"template":"","format":"standard","meta":{"footnotes":""},"categories":[1413],"tags":[73,1680,1011,27,1741,1457,6033,1456,517,60],"class_list":{"0":"post-301816","1":"post","2":"type-post","3":"status-publish","4":"format-standard","5":"has-post-thumbnail","7":"category-moto","8":"tag-etats-unis","9":"tag-fabio-quartararo","10":"tag-fr","11":"tag-france","12":"tag-johann-zarco","13":"tag-moto","14":"tag-moto-gp","15":"tag-motocycle","16":"tag-sport","17":"tag-sports"},"share_on_mastodon":{"url":"https:\/\/pubeurope.com\/@fr\/114985363294469522","error":""},"_links":{"self":[{"href":"https:\/\/www.europesays.com\/fr\/wp-json\/wp\/v2\/posts\/301816","targetHints":{"allow":["GET"]}}],"collection":[{"href":"https:\/\/www.europesays.com\/fr\/wp-json\/wp\/v2\/posts"}],"about":[{"href":"https:\/\/www.europesays.com\/fr\/wp-json\/wp\/v2\/types\/post"}],"author":[{"embeddable":true,"href":"https:\/\/www.europesays.com\/fr\/wp-json\/wp\/v2\/users\/2"}],"replies":[{"embeddable":true,"href":"https:\/\/www.europesays.com\/fr\/wp-json\/wp\/v2\/comments?post=301816"}],"version-history":[{"count":0,"href":"https:\/\/www.europesays.com\/fr\/wp-json\/wp\/v2\/posts\/301816\/revisions"}],"wp:featuredmedia":[{"embeddable":true,"href":"https:\/\/www.europesays.com\/fr\/wp-json\/wp\/v2\/media\/301817"}],"wp:attachment":[{"href":"https:\/\/www.europesays.com\/fr\/wp-json\/wp\/v2\/media?parent=301816"}],"wp:term":[{"taxonomy":"category","embeddable":true,"href":"https:\/\/www.europesays.com\/fr\/wp-json\/wp\/v2\/categories?post=301816"},{"taxonomy":"post_tag","embeddable":true,"href":"https:\/\/www.europesays.com\/fr\/wp-json\/wp\/v2\/tags?post=301816"}],"curies":[{"name":"wp","href":"https:\/\/api.w.org\/{rel}","templated":true}]}}