{"id":301824,"date":"2025-08-07T03:32:11","date_gmt":"2025-08-07T03:32:11","guid":{"rendered":"https:\/\/www.europesays.com\/fr\/301824\/"},"modified":"2025-08-07T03:32:11","modified_gmt":"2025-08-07T03:32:11","slug":"karine-le-marchand-un-pistolet-a-la-main-cette-photo-detonnante-que-personne-ne-pouvait-prevoir","status":"publish","type":"post","link":"https:\/\/www.europesays.com\/fr\/301824\/","title":{"rendered":"Karine Le Marchand, un pistolet \u00e0 la main : cette photo d\u00e9tonnante que personne ne pouvait pr\u00e9voir"},"content":{"rendered":"<p data-start=\"704\" data-end=\"1076\">Connue pour sa bienveillance<br \/>\nnaturelle, sa r\u00e9partie redoutable et sa proximit\u00e9 avec le public<br \/>\nrural \u00e0 travers <a href=\"https:\/\/www.closermag.fr\/people\/karine-le-marchand-a-le-coeur-sur-la-main-pour-les-agriculteurs-elle-fait-une-croix-sur-largent-3568474\" target=\"_blank\" rel=\"noopener\"><br \/>\nL\u2019Amour est dans le<br \/>\npr\u00e9<\/a>, <a href=\"https:\/\/www.closermag.fr\/people\/karine-le-marchand-apres-avoir-revele-ses-soucis-de-sante-et-face-a-linquietude-elle-sort-du-silence-3564414\" target=\"_blank\" rel=\"noopener\"><br \/>\nKarine Le Marchand<\/a> a offert une toute autre facette<br \/>\nd\u2019elle-m\u00eame. Le 5 ao\u00fbt dernier, elle a publi\u00e9 sur <a href=\"https:\/\/www.closermag.fr\/people\/des-vieilles-bacteries-karine-le-marchand-tres-malade-elle-leve-le-voile-sur-ses-problemes-de-sante-3563431\" target=\"_blank\" rel=\"noopener\"><br \/>\nInstagram<\/a> une photo saisissante : <a href=\"https:\/\/www.closermag.fr\/people\/un-an-et-demi-de-traitement-karine-le-marchand-loin-detre-en-bonne-sante-elle-le-fait-savoir-3563894\" target=\"_blank\" rel=\"noopener\"><br \/>\nl\u2019animatrice<\/a> pose, <strong>pistolet en main, casque de<br \/>\nprotection sur les oreilles,<\/strong> dans un stand de tir.<\/p>\n<p data-start=\"1078\" data-end=\"1453\">Une publication qui tranche<br \/>\navec l\u2019image qu\u2019on lui conna\u00eet. Mais derri\u00e8re ce clich\u00e9 inattendu<br \/>\nse cache une activit\u00e9 bien r\u00e9elle. Karine s\u2019est lanc\u00e9e dans le tir<br \/>\nsportif, une discipline encadr\u00e9e, exigeante et <strong>bien plus<br \/>\nmentale qu\u2019elle n\u2019y para\u00eet.<\/strong> Elle accompagne l\u2019image d\u2019un<br \/>\ncommentaire minimaliste, mais parlant : \u00ab\u00a0Le tir sportif vide la t\u00eate.\u00a0\u00bb Et cette phrase<br \/>\nr\u00e9sume tout.<\/p>\n<p>Karine Le Marchand brise les<br \/>\nclich\u00e9s sans trembler<\/p>\n<p data-start=\"1503\" data-end=\"1878\">Pratiqu\u00e9 par des milliers de<br \/>\nFran\u00e7ais dans un cadre strict et r\u00e9glement\u00e9, le tir sportif est<br \/>\nreconnu par le minist\u00e8re des Sports. Ce n\u2019est ni un loisir<br \/>\ndangereux ni un hobby marginal : c\u2019est <strong>une discipline<br \/>\nolympique \u00e0 part enti\u00e8re<\/strong>. Elle demande une concentration<br \/>\ntotale, une respiration ma\u00eetris\u00e9e, un l\u00e2cher-prise millim\u00e9tr\u00e9.<br \/>\nBref, rien d\u2019agressif : tout est dans le contr\u00f4le.<\/p>\n<p data-start=\"1880\" data-end=\"2221\">Karine Le Marchand, avec son<br \/>\nimage publique bien \u00e9tablie, aurait pu \u00e9viter de publier cette<br \/>\nphoto. Mais celle qui n&rsquo;a pas m\u00e2ch\u00e9 ses mots apr\u00e8s la mort de<br \/>\n<a href=\"https:\/\/www.closermag.fr\/people\/mort-de-thierry-ardisson-karine-le-marchand-ne-mache-pas-ses-mots-sur-son-couple-avec-audrey-crespo-mara-3563924\" target=\"_blank\" rel=\"noopener\"><br \/>\nThierry Ardisson<\/a> a choisi de le faire, sans chercher \u00e0<br \/>\nprovoquer, juste pour <strong>partager une activit\u00e9 qui lui fait du<br \/>\nbien.<\/strong> Et elle n\u2019en fait pas des caisses. Pas de selfie<br \/>\nglamour, pas de pose th\u00e9\u00e2trale. Juste une posture nette, naturelle,<br \/>\nconcentr\u00e9e. Et visiblement, elle s\u2019y conna\u00eet un peu. Sa tenue est<br \/>\nadapt\u00e9e, sa posture est droite, l\u2019arme tenue avec s\u00e9rieux. Il ne<br \/>\ns\u2019agit pas d\u2019une d\u00e9couverte hasardeuse mais bien d\u2019un vrai moment<br \/>\nd&rsquo;entra\u00eenement. Preuve que cette pratique s\u2019inscrit d\u00e9sormais dans<br \/>\nson quotidien.<\/p>\n<p data-start=\"1880\" data-end=\"2221\"><img loading=\"lazy\" decoding=\"async\" itemprop=\"thumbnailUrl\" class=\"alignnone size-large wp-image-3569611 img-responsive\" src=\"https:\/\/www.europesays.com\/fr\/wp-content\/uploads\/2025\/08\/capture-decran-2025-08-06-a-11.53.42-572x1024.webp.webp\" alt=\"\" width=\"572\" height=\"1024\"\/> \u00a9 Instagram Karine Le<br \/>\nMarchand<\/p>\n<p>Une<br \/>\npassion qui casse les codes<\/p>\n<p data-start=\"2528\" data-end=\"2804\">Il est rare qu\u2019une<br \/>\npersonnalit\u00e9 m\u00e9diatique assume aussi librement une activit\u00e9<br \/>\nassoci\u00e9e aux armes \u00e0 feu, m\u00eame dans un cadre sportif. D\u2019autant plus<br \/>\nquand il s\u2019agit d\u2019une femme. Mais Karine Le Marchand n\u2019en est pas \u00e0<br \/>\nson coup d\u2019essai quand il s\u2019agit de <strong>casser les<br \/>\nst\u00e9r\u00e9otypes<\/strong>.<\/p>\n<p data-start=\"2806\" data-end=\"3137\">Elle l\u2019a d\u00e9j\u00e0 prouv\u00e9 \u00e0<br \/>\nplusieurs reprises, que ce soit dans ses engagements pour la sant\u00e9,<br \/>\nson franc-parler face aux critiques ou sa mani\u00e8re de g\u00e9rer sa<br \/>\ncarri\u00e8re t\u00e9l\u00e9 sans jamais se plier aux diktats du milieu. L\u00e0<br \/>\nencore, elle bouscule les attentes. Et l&rsquo;acolyte de <a href=\"https:\/\/www.closermag.fr\/people\/stephane-plaza-condamne-comme-son-amie-karine-le-marchand-il-est-pret-a-tout-pour-sa-carriere-3521129\" target=\"_blank\" rel=\"noopener\"><br \/>\nSt\u00e9phane Plaza<\/a> le fait sans militantisme ni justification.<br \/>\nJuste parce que \u00e7a lui pla\u00eet.\u00a0En montrant que <strong>cette<br \/>\ndiscipline est accessible \u00e0 toutes et tous,<\/strong> elle ouvre une<br \/>\nporte, comme souvent. Et si cela surprend encore, tant mieux. Car<br \/>\nKarine Le Marchand n\u2019a jamais \u00e9t\u00e9 l\u00e0 pour \u00eatre l\u00e0 o\u00f9 on<br \/>\nl\u2019attend.<\/p>\n","protected":false},"excerpt":{"rendered":"Connue pour sa bienveillance naturelle, sa r\u00e9partie redoutable et sa proximit\u00e9 avec le public rural \u00e0 travers L\u2019Amour&hellip;\n","protected":false},"author":2,"featured_media":301825,"comment_status":"","ping_status":"","sticky":false,"template":"","format":"standard","meta":{"footnotes":""},"categories":[1359],"tags":[548,58,59,1011,27,5413,973,44185],"class_list":{"0":"post-301824","1":"post","2":"type-post","3":"status-publish","4":"format-standard","5":"has-post-thumbnail","7":"category-people","8":"tag-article-simple","9":"tag-divertissement","10":"tag-entertainment","11":"tag-fr","12":"tag-france","13":"tag-karine-le-marchand","14":"tag-people","15":"tag-photos-publiees-sur-instagram"},"share_on_mastodon":{"url":"https:\/\/pubeurope.com\/@fr\/114985378985909098","error":""},"_links":{"self":[{"href":"https:\/\/www.europesays.com\/fr\/wp-json\/wp\/v2\/posts\/301824","targetHints":{"allow":["GET"]}}],"collection":[{"href":"https:\/\/www.europesays.com\/fr\/wp-json\/wp\/v2\/posts"}],"about":[{"href":"https:\/\/www.europesays.com\/fr\/wp-json\/wp\/v2\/types\/post"}],"author":[{"embeddable":true,"href":"https:\/\/www.europesays.com\/fr\/wp-json\/wp\/v2\/users\/2"}],"replies":[{"embeddable":true,"href":"https:\/\/www.europesays.com\/fr\/wp-json\/wp\/v2\/comments?post=301824"}],"version-history":[{"count":0,"href":"https:\/\/www.europesays.com\/fr\/wp-json\/wp\/v2\/posts\/301824\/revisions"}],"wp:featuredmedia":[{"embeddable":true,"href":"https:\/\/www.europesays.com\/fr\/wp-json\/wp\/v2\/media\/301825"}],"wp:attachment":[{"href":"https:\/\/www.europesays.com\/fr\/wp-json\/wp\/v2\/media?parent=301824"}],"wp:term":[{"taxonomy":"category","embeddable":true,"href":"https:\/\/www.europesays.com\/fr\/wp-json\/wp\/v2\/categories?post=301824"},{"taxonomy":"post_tag","embeddable":true,"href":"https:\/\/www.europesays.com\/fr\/wp-json\/wp\/v2\/tags?post=301824"}],"curies":[{"name":"wp","href":"https:\/\/api.w.org\/{rel}","templated":true}]}}