{"id":301834,"date":"2025-08-07T03:38:17","date_gmt":"2025-08-07T03:38:17","guid":{"rendered":"https:\/\/www.europesays.com\/fr\/301834\/"},"modified":"2025-08-07T03:38:17","modified_gmt":"2025-08-07T03:38:17","slug":"quelles-sont-les-piqures-les-plus-dangereuses-et-quand-faut-il-sen-inquieter","status":"publish","type":"post","link":"https:\/\/www.europesays.com\/fr\/301834\/","title":{"rendered":"quelles sont les piq\u00fbres les plus dangereuses (et quand faut-il s&rsquo;en inqui\u00e9ter)\u00a0?"},"content":{"rendered":"<p>            Par<br \/>\n        <strong><br \/>\n            <a href=\"https:\/\/actu.fr\/auteur\/redaction-actu\" title=\"Consulter tous les articles de R\u00e9daction Actu\" rel=\"nofollow noopener\" target=\"_blank\">R\u00e9daction Actu<\/a><br \/>\n        <\/strong><\/p>\n<p>        Publi\u00e9 le<\/p>\n<p>            6 ao\u00fbt 2025 \u00e0 5h34        <\/p>\n<p>Contrairement aux id\u00e9es re\u00e7ues, le nombre d\u2019envenimations n\u2019augmente pas d\u2019ann\u00e9e en ann\u00e9e. Les pics de piq\u00fbres restent concentr\u00e9s en juillet et ao\u00fbt, p\u00e9riode d\u2019activit\u00e9 maximale de ces insectes. Les gu\u00eapes arrivent en t\u00eate des responsables (37 % des cas), suivies des <a href=\"https:\/\/actu.fr\/tag\/frelons-asiatiques\" rel=\"nofollow noopener\" target=\"_blank\">frelons<\/a> toutes esp\u00e8ces confondues (25 %) et des <a href=\"https:\/\/actu.fr\/planete\/biodiversite\/incendies-guerres-lumieres-de-nouveaux-dangers-menacent-la-vie-des-abeilles-et-la-notre_62679899.html\" rel=\"nofollow noopener\" target=\"_blank\">abeilles<\/a> (19 %).<\/p>\n<p>Les frelons, plus dangereux qu\u2019on ne le pense<\/p>\n<p class=\" wall-content\">Bien qu\u2019ils ne repr\u00e9sentent qu\u2019un quart des piq\u00fbres, les frelons sont responsables de 38 % des cas graves. Leur dard, plus long et capable de traverser des mat\u00e9riaux \u00e9pais comme les bottes en caoutchouc ou des gants en cuir, permet des piq\u00fbres plus profondes.<\/p>\n<p class=\" wall-content\">Contrairement aux abeilles, frelons et gu\u00eapes ne perdent pas leur dard et peuvent piquer plusieurs fois.<\/p>\n<p>Quand s\u2019inqui\u00e9ter ?<\/p>\n<p class=\" wall-content\">Seulement 1,5 % des envenimations sont consid\u00e9r\u00e9es comme graves, mais elles <strong>peuvent \u00eatre mortelles<\/strong>. Les personnes de plus de 60 ans sont particuli\u00e8rement vuln\u00e9rables.<\/p>\n<p class=\" wall-content\">Les signes d\u2019alerte incluent l\u2019urticaire g\u00e9n\u00e9ralis\u00e9e, l\u2019\u0153d\u00e8me de la gorge et la chute brutale de tension art\u00e9rielle. Parfois, une seule piq\u00fbre suffit \u00e0 d\u00e9clencher ces r\u00e9actions graves, g\u00e9n\u00e9ralement d\u2019origine <a href=\"https:\/\/actu.fr\/tag\/allergies\" rel=\"nofollow noopener\" target=\"_blank\">allergique<\/a>.<\/p>\n<p>En cas de piq\u00fbre<\/p>\n<p class=\" wall-content\">Une r\u00e9action allergique n\u00e9cessite un <strong>appel imm\u00e9diat au 15 ou au 112<\/strong> : urticaire, \u0153d\u00e8me de la langue, difficult\u00e9s respiratoires, malaise ou douleurs thoraciques sont des urgences vitales. Les piq\u00fbres dans la bouche, la gorge, ou les piq\u00fbres multiples, requi\u00e8rent \u00e9galement une prise en charge m\u00e9dicale rapide.<\/p>\n<p class=\" wall-content\">Pour les personnes allergiques connues, l\u2019utilisation d\u2019un\u00a0stylo\u00a0auto-injectable d\u2019adr\u00e9naline peut sauver la vie en attendant les secours. Dans les autres cas, contactez un centre antipoison (01 45 42 59 59) ou consultez un m\u00e9decin.<\/p>\n<p>Que faire face \u00e0 un nid ?<\/p>\n<p class=\" wall-content\">Si vous d\u00e9couvrez un nid pr\u00e8s de votre habitation, respectez une distance de s\u00e9curit\u00e9 de 5 m\u00e8tres et pr\u00e9venez votre entourage.<\/p>\n<p class=\" wall-content\">Ne tentez jamais de le d\u00e9truire vous-m\u00eame et \u00e9vitez les pi\u00e8ges artisanaux qui nuisent \u00e0 la biodiversit\u00e9 sans r\u00e9ellement impacter le nid.<\/p>\n<p class=\" wall-content\">Contactez votre mairie ou un professionnel pour une destruction s\u00e9curis\u00e9e.<\/p>\n<p class=\" wall-content\"><strong>Avec Destination Sant\u00e9<\/strong><\/p>\n<p class=\" wall-content\">Suivez toute l\u2019actualit\u00e9 de vos villes et m\u00e9dias favoris en vous inscrivant \u00e0 <a href=\"https:\/\/moncompte.actu.fr\" title=\"D\u00e9couvez Mon Actu\" rel=\"nofollow noopener\" data-trk=\"{&quot;cta&quot;:{&quot;action&quot;:&quot;https:\\\/\\\/moncompte.actu.fr&quot;,&quot;category&quot;:&quot;mon compte&quot;,&quot;from&quot;:&quot;article footer&quot;,&quot;name&quot;:&quot;Mon actu&quot;,&quot;type&quot;:&quot;cta&quot;}}\" target=\"_blank\">Mon Actu<\/a>.<\/p>\n","protected":false},"excerpt":{"rendered":"Par R\u00e9daction Actu Publi\u00e9 le 6 ao\u00fbt 2025 \u00e0 5h34 Contrairement aux id\u00e9es re\u00e7ues, le nombre d\u2019envenimations n\u2019augmente&hellip;\n","protected":false},"author":2,"featured_media":301835,"comment_status":"","ping_status":"","sticky":false,"template":"","format":"standard","meta":{"footnotes":""},"categories":[10],"tags":[1867,1011,27,28013,72,71,104],"class_list":{"0":"post-301834","1":"post","2":"type-post","3":"status-publish","4":"format-standard","5":"has-post-thumbnail","7":"category-sante","8":"tag-animaux","9":"tag-fr","10":"tag-france","11":"tag-frelons-asiatiques","12":"tag-health","13":"tag-sante","14":"tag-societe"},"share_on_mastodon":{"url":"https:\/\/pubeurope.com\/@fr\/114985402660455748","error":""},"_links":{"self":[{"href":"https:\/\/www.europesays.com\/fr\/wp-json\/wp\/v2\/posts\/301834","targetHints":{"allow":["GET"]}}],"collection":[{"href":"https:\/\/www.europesays.com\/fr\/wp-json\/wp\/v2\/posts"}],"about":[{"href":"https:\/\/www.europesays.com\/fr\/wp-json\/wp\/v2\/types\/post"}],"author":[{"embeddable":true,"href":"https:\/\/www.europesays.com\/fr\/wp-json\/wp\/v2\/users\/2"}],"replies":[{"embeddable":true,"href":"https:\/\/www.europesays.com\/fr\/wp-json\/wp\/v2\/comments?post=301834"}],"version-history":[{"count":0,"href":"https:\/\/www.europesays.com\/fr\/wp-json\/wp\/v2\/posts\/301834\/revisions"}],"wp:featuredmedia":[{"embeddable":true,"href":"https:\/\/www.europesays.com\/fr\/wp-json\/wp\/v2\/media\/301835"}],"wp:attachment":[{"href":"https:\/\/www.europesays.com\/fr\/wp-json\/wp\/v2\/media?parent=301834"}],"wp:term":[{"taxonomy":"category","embeddable":true,"href":"https:\/\/www.europesays.com\/fr\/wp-json\/wp\/v2\/categories?post=301834"},{"taxonomy":"post_tag","embeddable":true,"href":"https:\/\/www.europesays.com\/fr\/wp-json\/wp\/v2\/tags?post=301834"}],"curies":[{"name":"wp","href":"https:\/\/api.w.org\/{rel}","templated":true}]}}