{"id":301838,"date":"2025-08-07T03:40:19","date_gmt":"2025-08-07T03:40:19","guid":{"rendered":"https:\/\/www.europesays.com\/fr\/301838\/"},"modified":"2025-08-07T03:40:19","modified_gmt":"2025-08-07T03:40:19","slug":"celle-ci-sera-benefique-pour-ces-5-signes-astrologiques","status":"publish","type":"post","link":"https:\/\/www.europesays.com\/fr\/301838\/","title":{"rendered":"celle-ci sera b\u00e9n\u00e9fique pour ces 5 signes astrologiques"},"content":{"rendered":"<p>Ce samedi 9 ao\u00fbt 2025, la pleine lune se formera en Verseau. Quel sera l\u2019impact sur votre signe astrologique\u00a0? D\u00e9couvrez l\u2019analyse d\u2019Amandine Arcs, m\u00e9dium de naissance, num\u00e9rologue et cartomancienne.<\/p>\n<p class=\"fig-paragraph\">Par d\u00e9finition, une pleine lune est une phase lunaire qui se produit tous les 29 jours, pendant laquelle la Lune, la Terre et le Soleil s\u2019alignent de mani\u00e8re approximative. Chaque mois, lors de cet \u00e9v\u00e8nement, des \u00e9nergies se r\u00e9pandent au-dessus de nos t\u00eates et nous invitent \u00e0 plonger au c\u0153ur de nous-m\u00eames, dans l\u2019objectif de c\u00e9l\u00e9brer nos victoires, de recueillir les fruits de nos apprentissages, et de faire peau neuve en cl\u00f4turant ce qui a \u00e9t\u00e9 pour accueillir ce qui est, avec f\u00e9licit\u00e9. Le ciel est une partition de musique, que je suis ravie de lire et de jouer pour vous afin que vous puissiez vous laisser porter par la douce m\u00e9lodie de l\u2019univers.<\/p>\n<p class=\"fig-paragraph\">Ce samedi, la pleine lune se formera en<a href=\"http:\/\/madame.lefigaro.fr\/astro\/verseau-son-caractere-ses-qualites-et-ses-defauts-20221115\" data-fig-type=\"Article\" data-gtm-custom-categorie=\"navigation\" data-gtm-custom-action=\"crossclick\" data-gtm-custom-label=\"Contextuel\" data-gtm-event=\"customEventSPE\" data-fig-domain=\"MADAME\" target=\"_blank\" rel=\"noopener\">\u00a0Verseau<\/a>. Cette lunaison nous invite \u00e0 reconna\u00eetre nos diff\u00e9rences, \u00e0 les ch\u00e9rir, \u00e0 les honorer. Elle nous pousse \u00e0 faire l\u2019inventaire de ce qui compte pour nous\u00a0: tout ce qui rend notre vie plus douce (de mani\u00e8re \u00e0 compter nos b\u00e9n\u00e9dictions), et tous ceux qui la rendent plus belle (afin de c\u00e9l\u00e9brer nos relations). Nous sommes appel\u00e9s \u00e0 embrasser notre nature profonde et \u00e0 ne plus tenter de suivre un rythme impos\u00e9 par les attentes de la soci\u00e9t\u00e9, ni d\u2019alimenter un mythe qui ne nous convient pas. Si nos limites s\u2019arr\u00eatent toujours l\u00e0 o\u00f9 celles des autres commencent, et s\u2019il n\u2019est pas question ici d\u2019imposer quoi que ce soit, les \u00e9nergies qui nous entourent nous encouragent \u00e0 en finir avec les obligations, les connivences et les loyaut\u00e9s invisibles qui nous entravent. Les portes qui nous font face nous promettent un lendemain \u00e0 la hauteur de ce que nous d\u00e9sirons, pour autant que nous soyons pr\u00eats \u00e0 en franchir le seuil.<\/p>\n<p class=\"fig-body-link&#10;    \">\n            \u00c0 lire aussi<br \/>\n        <a class=\"fig-body-link__link\" href=\"http:\/\/madame.lefigaro.fr\/astro\/le-grand-horoscope-de-l-ete-2025-signe-par-signe-20250805\" data-fig-type=\"Article\" data-gtm-custom-categorie=\"navigation\" data-gtm-custom-action=\"crossclick\" data-gtm-custom-label=\"Contextuel\" data-gtm-event=\"customEventSPE\" data-fig-domain=\"MADAME\" target=\"_blank\" rel=\"noopener\">Le grand horoscope de l\u2019\u00e9t\u00e9 2025, signe par signe<\/a>\n<\/p>\n<p>                                    <a class=\"fig-a11y-skip a11y-hidden\" href=\"#fig-a11y-skip-main-inarticle\"><br \/>\n        Passer la publicit\u00e9<br \/>\n    <\/a><\/p>\n<p class=\"fig-paragraph\">Ce samedi, les conditions seront r\u00e9unies pour vous permettre de\u00a0:<\/p>\n<p class=\"fig-paragraph\">Prendre le temps d\u2019honorer vos particularit\u00e9s, en les listant une \u00e0 une. Ch\u00e9rir vos diff\u00e9rences. Reconna\u00eetre votre valeur, sans condition. Vous lib\u00e9rer des attentes qui p\u00e8sent sur vous, et redevenir l\u2019autrice de votre v\u00e9rit\u00e9.<\/p>\n<p class=\"fig-paragraph\">Mais t\u00e2chez d\u2019\u00e9viter de\u00a0:<\/p>\n<p class=\"fig-paragraph\">Minimiser vos besoins pour \u00e9viter de d\u00e9ranger. Remettre \u00e0 plus tard ce temps d\u2019introspection, en privil\u00e9giant ceux qui vous entourent. Agir dans l\u2019urgence, vous pr\u00e9cipiter sans prendre le temps de vous connecter \u00e0 vos \u00e9motions.<\/p>\n<p class=\"fig-paragraph\"><strong>Si le c\u0153ur vous en dit, voici une affirmation positive \u00e0 r\u00e9p\u00e9ter le matin de pr\u00e9f\u00e9rence, ces trois prochains jours (tandis que les \u00e9nergies de la pleine lune graviteront autour de nous)\u00a0:<\/strong><\/p>\n<p>                                    <a class=\"fig-a11y-skip a11y-hidden\" href=\"#fig-a11y-skip-main-inarticle_mtf\"><br \/>\n        Passer la publicit\u00e9<br \/>\n    <\/a><\/p>\n<p class=\"fig-paragraph\">Sous l\u2019\u00e9gide de la pleine lune en Verseau, j\u2019embrasse pleinement toutes les parties qui me composent, sans jugement. Je ne suis plus dans la supervision constante de qui je suis, de ce que je fais. Je ne me soucie plus de ce que les autres pensent de moi. C\u2019est libre, et parfaitement align\u00e9e, que je reprends ma route.<\/p>\n<p>La pleine lune du 9 ao\u00fbt 2025 en quelques mots<\/p>\n<p class=\"fig-paragraph\"><strong>Les ma\u00eetres-mots de cette pleine lune sont\u00a0:<\/strong> r\u00e9unification, reconnaissance, courage, assurance, r\u00e9appropriation, self love.<\/p>\n<p class=\"fig-paragraph\"><strong>Cette lune est particuli\u00e8rement b\u00e9n\u00e9fique pour les\u00a0:<\/strong><\/p>\n<p class=\"fig-paragraph\">B\u00e9lier,\u00a0<a href=\"http:\/\/madame.lefigaro.fr\/astro\/sagittaire-son-caractere-ses-qualites-et-ses-defauts-20221115\" data-fig-type=\"Article\" data-gtm-custom-categorie=\"navigation\" data-gtm-custom-action=\"crossclick\" data-gtm-custom-label=\"Contextuel\" data-gtm-event=\"customEventSPE\" data-fig-domain=\"MADAME\" target=\"_blank\" rel=\"noopener\">Sagittaire<\/a>, G\u00e9meaux, Balance et Verseau.<\/p>\n<p class=\"fig-paragraph\"><strong>Mais peut \u00eatre d\u00e9stabilisante pour les\u00a0:<\/strong><\/p>\n<p>                                    <a class=\"fig-a11y-skip a11y-hidden\" href=\"#fig-a11y-skip-main-inarticle_btf\"><br \/>\n        Passer la publicit\u00e9<br \/>\n    <\/a><\/p>\n<p class=\"fig-paragraph\">Taureau, Lion, Scorpion.<\/p>\n<p class=\"fig-paragraph\"><strong>Et plut\u00f4t neutre pour les autres signes.<\/strong><\/p>\n<p class=\"fig-paragraph\">Belle lune \u00e0 tous\u00a0!<\/p>\n<p class=\"fig-frame__title\">Qui est Amandine Arcs\u00a0?<\/p>\n<p>        Amandine Arcs est m\u00e9dium de naissance, num\u00e9rologue et cartomancienne. Apr\u00e8s des ann\u00e9es de travail au sein de la sph\u00e8re judiciaire, mettant ses capacit\u00e9s intuitives naturelles au service de tous ceux dont elle avait le bonheur de croiser le chemin, elle d\u00e9cide en 2018 de devenir messag\u00e8re du ciel \u00e0 temps plein. Depuis, elle partage chaque semaine sur son compte Instagram, en plus des consultations priv\u00e9es qu\u2019elle dispense, des billets d\u2019humeur, de philosophie, d\u2019astrologie, de spiritualit\u00e9\u2026 Mais aussi et surtout des tirages de cartes, dont le d\u00e9sormais incontournable \u00ab Tirage du Mardi\u00a0\u00bb. L\u2019ensemble de ses partages invite \u00e0 la rencontre des merveilles qui sommeillent en chacun de nous. Partez \u00e0 la d\u00e9couverte de son univers en la rejoignant sur son compte Instagram\u00a0:\u00a0<a href=\"https:\/\/www.instagram.com\/amandinearcs\/\" target=\"_blank\" rel=\"sponsored noopener\">@amandinearcs<\/a>\u00a0ou sur son site web\u00a0:\u00a0<a href=\"https:\/\/www.amandinearcs.com\/\" target=\"_blank\" rel=\"sponsored noopener\">www.amandinearcs.com<\/a><\/p>\n<p>                                        <script async src=\"\/\/www.instagram.com\/embed.js\"><\/script><\/p>\n","protected":false},"excerpt":{"rendered":"Ce samedi 9 ao\u00fbt 2025, la pleine lune se formera en Verseau. Quel sera l\u2019impact sur votre signe&hellip;\n","protected":false},"author":2,"featured_media":301839,"comment_status":"","ping_status":"","sticky":false,"template":"","format":"standard","meta":{"footnotes":""},"categories":[8],"tags":[156,58,59,1011,27],"class_list":{"0":"post-301838","1":"post","2":"type-post","3":"status-publish","4":"format-standard","5":"has-post-thumbnail","7":"category-divertissement","8":"tag-astrologie","9":"tag-divertissement","10":"tag-entertainment","11":"tag-fr","12":"tag-france"},"share_on_mastodon":{"url":"https:\/\/pubeurope.com\/@fr\/114985410718626407","error":""},"_links":{"self":[{"href":"https:\/\/www.europesays.com\/fr\/wp-json\/wp\/v2\/posts\/301838","targetHints":{"allow":["GET"]}}],"collection":[{"href":"https:\/\/www.europesays.com\/fr\/wp-json\/wp\/v2\/posts"}],"about":[{"href":"https:\/\/www.europesays.com\/fr\/wp-json\/wp\/v2\/types\/post"}],"author":[{"embeddable":true,"href":"https:\/\/www.europesays.com\/fr\/wp-json\/wp\/v2\/users\/2"}],"replies":[{"embeddable":true,"href":"https:\/\/www.europesays.com\/fr\/wp-json\/wp\/v2\/comments?post=301838"}],"version-history":[{"count":0,"href":"https:\/\/www.europesays.com\/fr\/wp-json\/wp\/v2\/posts\/301838\/revisions"}],"wp:featuredmedia":[{"embeddable":true,"href":"https:\/\/www.europesays.com\/fr\/wp-json\/wp\/v2\/media\/301839"}],"wp:attachment":[{"href":"https:\/\/www.europesays.com\/fr\/wp-json\/wp\/v2\/media?parent=301838"}],"wp:term":[{"taxonomy":"category","embeddable":true,"href":"https:\/\/www.europesays.com\/fr\/wp-json\/wp\/v2\/categories?post=301838"},{"taxonomy":"post_tag","embeddable":true,"href":"https:\/\/www.europesays.com\/fr\/wp-json\/wp\/v2\/tags?post=301838"}],"curies":[{"name":"wp","href":"https:\/\/api.w.org\/{rel}","templated":true}]}}