{"id":301846,"date":"2025-08-07T03:44:09","date_gmt":"2025-08-07T03:44:09","guid":{"rendered":"https:\/\/www.europesays.com\/fr\/301846\/"},"modified":"2025-08-07T03:44:09","modified_gmt":"2025-08-07T03:44:09","slug":"canicule-les-previsions-meteo-saffinent-voici-ce-qui-nous-attend-sur-la-cote-dazur-et-dans-le-var-dans-les-jours-a-venir","status":"publish","type":"post","link":"https:\/\/www.europesays.com\/fr\/301846\/","title":{"rendered":"Canicule: les pr\u00e9visions m\u00e9t\u00e9o s&rsquo;affinent, voici ce qui nous attend sur la C\u00f4te d&rsquo;Azur et dans le Var dans les jours \u00e0 venir"},"content":{"rendered":"<p>On pensait que la canicule de juin et d\u00e9but juillet \u00e9tait derri\u00e8re nous mais elle revient&#8230; M\u00e9t\u00e9o-France pr\u00e9voit le \u00ab\u00a0d\u00e9but d&rsquo;un \u00e9pisode de tr\u00e8s fortes chaleurs du Sud-Ouest au Centre-Est du pays\u00a0\u00bb pour jeudi 6 ao\u00fbt et 16 d\u00e9partements seront en vigilance jaune \u00ab\u00a0canicule\u00a0\u00bb, dans le Sud-Ouest et la r\u00e9gion lyonnaise.<\/p>\n<p>Pour l&rsquo;heure, aucun n&rsquo;est plac\u00e9 en vigilance orange, selon le bulletin publi\u00e9 ce mercredi apr\u00e8s-midi. Mais<a href=\"https:\/\/meteofrance.com\/actualites-et-dossiers\/actualites\/retour-du-soleil-et-de-la-chaleur-par-le-sud-cette-semaine\" target=\"_blank\" rel=\"noopener nofollow\"> les pr\u00e9visionnistes s&rsquo;attendent<\/a> \u00e0 ce que\u00a0le niveau de vigilance soit rehauss\u00e9 localement \u00e0 orange pour la journ\u00e9e de vendredi.<\/p>\n<p>\u00ab\u00a0Une aggravation du niveau de vigilance +canicule+ est attendu\u00a0\u00bb dans le bulletin de jeudi 06H00 pour le Sud-Ouest et le Centre-Est du territoire notamment.\u00a0<\/p>\n<p><strong>Il fera tr\u00e8s chaud dans le Var et les Alpes-Maritimes\u00a0<\/strong><\/p>\n<p>Dans le Var et les Alpes-Maritimes, la chaleur sera marqu\u00e9e d\u00e8s demain: il est notamment pr\u00e9vu entre<strong> 32 et 34\u00b0C dans le Var et une trentaine de degr\u00e9s sur la C\u00f4te d&rsquo;Azur.\u00a0<\/strong><\/p>\n<p>Vendredi, le mercure va grimper jusqu&rsquo;\u00e0 <strong>36\u00b0C dans le Var et 32\u00b0C dans les Alpes-Maritimes.<\/strong> Les temp\u00e9ratures minimales avoisinent souvent les 20 \u00b0C sur la moiti\u00e9 sud. Les temp\u00e9ratures maximales atteignent souvent 30 \u00e0 33 \u00b0C au nord, et d\u00e9passent les 35 \u00b0C sur une bonne moiti\u00e9 sud.\u00a0<\/p>\n<p>Samedi, on attend des temp\u00e9ratures similaires. Il est pr\u00e9vu entre <strong>32 et 36\u00b0C dans le Var, et 32\u00b0C dans les Alpes-Maritimes<\/strong>.\u00a0Dimanche, dans la continuit\u00e9 des jours pr\u00e9c\u00e9dents, il fera encore tr\u00e8s chaud sur une moiti\u00e9 sud, jusque dans l\u2019arri\u00e8re pays m\u00e9diterran\u00e9en.<\/p>\n","protected":false},"excerpt":{"rendered":"On pensait que la canicule de juin et d\u00e9but juillet \u00e9tait derri\u00e8re nous mais elle revient&#8230; M\u00e9t\u00e9o-France pr\u00e9voit&hellip;\n","protected":false},"author":2,"featured_media":301847,"comment_status":"","ping_status":"","sticky":false,"template":"","format":"standard","meta":{"footnotes":""},"categories":[4],"tags":[11,1011,27,2487,12,25],"class_list":{"0":"post-301846","1":"post","2":"type-post","3":"status-publish","4":"format-standard","5":"has-post-thumbnail","7":"category-france","8":"tag-actualites","9":"tag-fr","10":"tag-france","11":"tag-meteo","12":"tag-news","13":"tag-republique-francaise"},"share_on_mastodon":{"url":"https:\/\/pubeurope.com\/@fr\/114985426615870806","error":""},"_links":{"self":[{"href":"https:\/\/www.europesays.com\/fr\/wp-json\/wp\/v2\/posts\/301846","targetHints":{"allow":["GET"]}}],"collection":[{"href":"https:\/\/www.europesays.com\/fr\/wp-json\/wp\/v2\/posts"}],"about":[{"href":"https:\/\/www.europesays.com\/fr\/wp-json\/wp\/v2\/types\/post"}],"author":[{"embeddable":true,"href":"https:\/\/www.europesays.com\/fr\/wp-json\/wp\/v2\/users\/2"}],"replies":[{"embeddable":true,"href":"https:\/\/www.europesays.com\/fr\/wp-json\/wp\/v2\/comments?post=301846"}],"version-history":[{"count":0,"href":"https:\/\/www.europesays.com\/fr\/wp-json\/wp\/v2\/posts\/301846\/revisions"}],"wp:featuredmedia":[{"embeddable":true,"href":"https:\/\/www.europesays.com\/fr\/wp-json\/wp\/v2\/media\/301847"}],"wp:attachment":[{"href":"https:\/\/www.europesays.com\/fr\/wp-json\/wp\/v2\/media?parent=301846"}],"wp:term":[{"taxonomy":"category","embeddable":true,"href":"https:\/\/www.europesays.com\/fr\/wp-json\/wp\/v2\/categories?post=301846"},{"taxonomy":"post_tag","embeddable":true,"href":"https:\/\/www.europesays.com\/fr\/wp-json\/wp\/v2\/tags?post=301846"}],"curies":[{"name":"wp","href":"https:\/\/api.w.org\/{rel}","templated":true}]}}