{"id":301848,"date":"2025-08-07T03:45:12","date_gmt":"2025-08-07T03:45:12","guid":{"rendered":"https:\/\/www.europesays.com\/fr\/301848\/"},"modified":"2025-08-07T03:45:12","modified_gmt":"2025-08-07T03:45:12","slug":"donnees-bancaires-mots-de-passe-des-millions-de-clients-concernes","status":"publish","type":"post","link":"https:\/\/www.europesays.com\/fr\/301848\/","title":{"rendered":"donn\u00e9es bancaires, mots de passe\u2026 des millions de clients concern\u00e9s"},"content":{"rendered":"<p>            Par<br \/>\n        <strong><br \/>\n            <a href=\"https:\/\/actu.fr\/auteur\/alexandra-segond\" title=\"Consulter tous les articles de Alexandra Segond\" target=\"_blank\" rel=\"noopener\">Alexandra Segond<\/a><br \/>\n        <\/strong><\/p>\n<p>        Publi\u00e9 le<\/p>\n<p>            6 ao\u00fbt 2025 \u00e0 21h43        <\/p>\n<p>Le groupe <strong>Bouygues Telecom<\/strong> a \u00e9t\u00e9 victime d\u2019une <a href=\"https:\/\/actu.fr\/tag\/cyberattaque\" target=\"_blank\" rel=\"noopener\">cyberattaque<\/a> entra\u00eenant <strong>la fuite de donn\u00e9es de \u00ab\u00a06,4 millions de comptes clients\u00a0\u00bb<\/strong>. C\u2019est ce qu\u2019a annonc\u00e9 mercredi 6 ao\u00fbt 2025 l\u2019entreprise dans <a href=\"https:\/\/www.corporate.bouyguestelecom.fr\/archives-communique-presse\/bouygues-telecom-annonce-avoir-ete-victime-dune-cyberattaque\/\" target=\"_blank\" rel=\"noopener\">un communiqu\u00e9<\/a>.<\/p>\n<p class=\" wall-content\">Tous les clients concern\u00e9s ont re\u00e7u ou vont recevoir <strong>un mail ou un SMS<\/strong> pour les en informer, a pr\u00e9cis\u00e9 Bouygues Telecom.<\/p>\n<p>Quelles donn\u00e9es ont fuit\u00e9 ?<\/p>\n<p class=\" wall-content\">Les donn\u00e9es vol\u00e9es sont <strong>\u00ab\u00a0les coordonn\u00e9es, les donn\u00e9es contractuelles, les donn\u00e9es d\u2019\u00e9tat civil ou celles de l\u2019entreprise<\/strong> si vous \u00eates un professionnel, ainsi que <strong>les IBAN\u00a0\u00bb<\/strong>, d\u00e9taille-t-elle dans son mail envoy\u00e9 aux clients.<\/p>\n<p class=\" wall-content\">\n<p class=\" wall-content\">Toutefois, Bouygues pr\u00e9cise <a href=\"https:\/\/site.infos.bouyguestelecom.fr\/pages\/2644\" target=\"_blank\" rel=\"noopener\">dans une page d\u00e9di\u00e9e<\/a> que<strong> \u00ab\u00a0les num\u00e9ros de cartes bancaires et les mots de passe<\/strong> de vos comptes Bouygues Telecom ne sont pas impact\u00e9s\u00a0\u00bb.<\/p>\n<p>Une plainte d\u00e9pos\u00e9e<\/p>\n<p class=\" wall-content\">Cette cyberattaque d\u00e9tect\u00e9e lundi 4 ao\u00fbt 2025 a \u00e9t\u00e9 <strong>r\u00e9solue par les \u00e9quipes de Bouygues Telecom<\/strong>, qui a \u00ab\u00a0d\u00e9pos\u00e9 plainte aupr\u00e8s des autorit\u00e9s judiciaires\u00a0\u00bb et l\u2019a signal\u00e9e \u00e0 la <a href=\"https:\/\/cnil.fr\/fr\" target=\"_blank\" rel=\"noopener\">Commission nationale de l\u2019informatique et des libert\u00e9s<\/a> (CNIL).<\/p>\n<blockquote class=\"ac-article-quote wall-content\">\n<p>La situation a \u00e9t\u00e9 r\u00e9solue dans les plus brefs d\u00e9lais par les \u00e9quipes techniques de Bouygues Telecom et toutes les mesures compl\u00e9mentaires n\u00e9cessaires ont \u00e9t\u00e9 mises en place. [&#8230;] Cette situation pourrait vous exposer \u00e0 des tentatives de fraude : mail ou appels frauduleux. En se servant de vos donn\u00e9es, un fraudeur peut se faire passer pour Bouygues Telecom ou une autre soci\u00e9t\u00e9 (banque, assurance\u2026) et essayer par exemple d&rsquo;obtenir des informations compl\u00e9mentaires comme votre num\u00e9ro de carte bancaire ou vos identifiants et mots de passe.<\/p>\n<p>    <strong>Bouygues Telecom<\/strong>\n            <\/p><\/blockquote>\n<p class=\" wall-content\">Pour l\u2019heure, le ou les auteurs de la cyberattaque n\u2019ont pas \u00e9t\u00e9 identifi\u00e9s. Mais il risque ou ils risquent gros : \u00ab\u00a0des peines pouvant <strong>aller jusqu\u2019\u00e0 cinq ans d\u2019emprisonnement et 150000 euros d\u2019amende\u00a0\u00bb.<\/strong><\/p>\n<p>Orange aussi victime d\u2019une cyberattaque<\/p>\n<p class=\" wall-content\">Fin juillet, c\u2019est le groupe de t\u00e9l\u00e9communications <strong>Orange<\/strong> <a href=\"https:\/\/actu.fr\/sciences-technologie\/orange-le-groupe-victime-d-une-large-cyberattaque-de-nombreux-clients-et-services-touches_62969470.html\" target=\"_blank\" rel=\"noopener\">qui avait subi aussi une cyberattaque<\/a>. Celle-ci avait\u00a0entra\u00een\u00e9 une perturbation des services pour une partie de ses \u00ab\u2009clients entreprises\u2009\u00bb et pour \u00ab\u2009quelques services grand public principalement en France\u2009\u00bb.<\/p>\n<p class=\" wall-content\">Comme Bouygues, Orange avait annonc\u00e9 <strong>port\u00e9 plainte<\/strong> pour \u00ab\u00a0atteinte \u00e0 son syst\u00e8me d\u2019information\u00a0\u00bb.<\/p>\n<p class=\" wall-content\">Avec AFP.<\/p>\n<p class=\" wall-content\">Suivez toute l\u2019actualit\u00e9 de vos villes et m\u00e9dias favoris en vous inscrivant \u00e0 <a href=\"https:\/\/moncompte.actu.fr\" title=\"D\u00e9couvez Mon Actu\" rel=\"nofollow noopener\" data-trk=\"{&quot;cta&quot;:{&quot;action&quot;:&quot;https:\\\/\\\/moncompte.actu.fr&quot;,&quot;category&quot;:&quot;mon compte&quot;,&quot;from&quot;:&quot;article footer&quot;,&quot;name&quot;:&quot;Mon actu&quot;,&quot;type&quot;:&quot;cta&quot;}}\" target=\"_blank\">Mon Actu<\/a>.<\/p>\n","protected":false},"excerpt":{"rendered":"Par Alexandra Segond Publi\u00e9 le 6 ao\u00fbt 2025 \u00e0 21h43 Le groupe Bouygues Telecom a \u00e9t\u00e9 victime d\u2019une&hellip;\n","protected":false},"author":2,"featured_media":301849,"comment_status":"","ping_status":"","sticky":false,"template":"","format":"standard","meta":{"footnotes":""},"categories":[2],"tags":[11,1261,2481,1011,27,12,2631],"class_list":{"0":"post-301848","1":"post","2":"type-post","3":"status-publish","4":"format-standard","5":"has-post-thumbnail","7":"category-actualites","8":"tag-actualites","9":"tag-argent","10":"tag-cyberattaque","11":"tag-fr","12":"tag-france","13":"tag-news","14":"tag-sciences-technologie"},"share_on_mastodon":{"url":"https:\/\/pubeurope.com\/@fr\/114985430087725444","error":""},"_links":{"self":[{"href":"https:\/\/www.europesays.com\/fr\/wp-json\/wp\/v2\/posts\/301848","targetHints":{"allow":["GET"]}}],"collection":[{"href":"https:\/\/www.europesays.com\/fr\/wp-json\/wp\/v2\/posts"}],"about":[{"href":"https:\/\/www.europesays.com\/fr\/wp-json\/wp\/v2\/types\/post"}],"author":[{"embeddable":true,"href":"https:\/\/www.europesays.com\/fr\/wp-json\/wp\/v2\/users\/2"}],"replies":[{"embeddable":true,"href":"https:\/\/www.europesays.com\/fr\/wp-json\/wp\/v2\/comments?post=301848"}],"version-history":[{"count":0,"href":"https:\/\/www.europesays.com\/fr\/wp-json\/wp\/v2\/posts\/301848\/revisions"}],"wp:featuredmedia":[{"embeddable":true,"href":"https:\/\/www.europesays.com\/fr\/wp-json\/wp\/v2\/media\/301849"}],"wp:attachment":[{"href":"https:\/\/www.europesays.com\/fr\/wp-json\/wp\/v2\/media?parent=301848"}],"wp:term":[{"taxonomy":"category","embeddable":true,"href":"https:\/\/www.europesays.com\/fr\/wp-json\/wp\/v2\/categories?post=301848"},{"taxonomy":"post_tag","embeddable":true,"href":"https:\/\/www.europesays.com\/fr\/wp-json\/wp\/v2\/tags?post=301848"}],"curies":[{"name":"wp","href":"https:\/\/api.w.org\/{rel}","templated":true}]}}